{"id":7571,"date":"2019-04-21T17:56:19","date_gmt":"2019-04-21T17:56:19","guid":{"rendered":"https:\/\/senzor.ba\/?p=7571"},"modified":"2024-01-15T21:48:48","modified_gmt":"2024-01-15T20:48:48","slug":"cudo-prirode-krov-notre-damea-se-urusio-a-pcele-u-njemu-prezivjele","status":"publish","type":"post","link":"https:\/\/tvsensor.com\/clanak\/cudo-prirode-krov-notre-damea-se-urusio-a-pcele-u-njemu-prezivjele\/","title":{"rendered":"\u010cudo prirode: Krov Notre Damea se uru\u0161io, a p\u010dele u njemu pre\u017eivjele"},"content":{"rendered":"<p class=\"story-lead\"><strong>Oko 200.000 p\u010dela koje \u017eive u ko\u0161nicama na krovu pariske katedrale Notre Dame <\/strong>pre\u017eivjelo je nedavni po\u017ear.<\/p>\n<p>&#8220;P\u010dele su \u017eive&#8221;, rekao je za France Presse p\u010delar Nicolas Geant. &#8220;Laknulo mi je kad sam vidio satelitske snimke koji pokazuju da tri ko\u0161nice nisu izgorjele. Mislio sam da su oti\u0161le sa katedralom&#8221;, kazao je, prenosi\u00a0<em>Hina<\/em>.<\/p>\n<p>On je objasnio da kukci nemaju plu\u0107a i da ih ugljikov dioksid ne ubija nego ih omami. Kada p\u010dele osjete vatru,\u00a0<strong>one &#8220;navale&#8221; na med i \u010duvaju svoju maticu.<\/strong><\/p>\n<p>Evropske p\u010dele nikad ne napu\u0161taju svoje ko\u0161nice, zaklju\u010dio je.<\/p>\n<p>Geant se brine o p\u010delama od 2013. kada su ko\u0161nice postavljene na krov crkve Notre Dame u sklopu\u00a0<strong>inicijative grada Pariza da se pove\u0107a broj p\u010dela.<\/strong><\/p>\n<p>Svaka ko\u0161nica godi\u0161nje proizvede\u00a0<strong>prosje\u010dno 25 kilograma meda<\/strong>\u00a0koji se prodaje osoblju Notre Damea.<\/p>\n","protected":false},"excerpt":{"rendered":"<p>Oko 200.000 p\u010dela koje \u017eive u ko\u0161nicama na krovu pariske katedrale Notre Dame pre\u017eivjelo je nedavni po\u017ear. &#8220;P\u010dele su \u017eive&#8221;, rekao je za France Presse p\u010delar Nicolas Geant. &#8220;Laknulo mi je kad sam vidio satelitske snimke koji pokazuju da tri ko\u0161nice nisu izgorjele. Mislio sam da su oti\u0161le sa katedralom&#8221;, kazao je, prenosi\u00a0Hina. On je [&hellip;]<\/p>\n","protected":false},"author":59,"featured_media":7575,"comment_status":"open","ping_status":"closed","sticky":false,"template":"","format":"standard","meta":{"inline_featured_image":false,"footnotes":""},"categories":[56],"tags":[],"class_list":{"0":"post-7571","1":"post","2":"type-post","3":"status-publish","4":"format-standard","5":"has-post-thumbnail","7":"category-zanimljivosti"},"acf":[],"_links":{"self":[{"href":"https:\/\/tvsensor.com\/api\/wp\/v2\/posts\/7571","targetHints":{"allow":["GET"]}}],"collection":[{"href":"https:\/\/tvsensor.com\/api\/wp\/v2\/posts"}],"about":[{"href":"https:\/\/tvsensor.com\/api\/wp\/v2\/types\/post"}],"author":[{"embeddable":true,"href":"https:\/\/tvsensor.com\/api\/wp\/v2\/users\/59"}],"replies":[{"embeddable":true,"href":"https:\/\/tvsensor.com\/api\/wp\/v2\/comments?post=7571"}],"version-history":[{"count":2,"href":"https:\/\/tvsensor.com\/api\/wp\/v2\/posts\/7571\/revisions"}],"predecessor-version":[{"id":7574,"href":"https:\/\/tvsensor.com\/api\/wp\/v2\/posts\/7571\/revisions\/7574"}],"wp:featuredmedia":[{"embeddable":true,"href":"https:\/\/tvsensor.com\/api\/wp\/v2\/media\/7575"}],"wp:attachment":[{"href":"https:\/\/tvsensor.com\/api\/wp\/v2\/media?parent=7571"}],"wp:term":[{"taxonomy":"category","embeddable":true,"href":"https:\/\/tvsensor.com\/api\/wp\/v2\/categories?post=7571"},{"taxonomy":"post_tag","embeddable":true,"href":"https:\/\/tvsensor.com\/api\/wp\/v2\/tags?post=7571"}],"curies":[{"name":"wp","href":"https:\/\/api.w.org\/{rel}","templated":true}]}}