{"id":7552,"date":"2019-04-21T09:06:31","date_gmt":"2019-04-21T09:06:31","guid":{"rendered":"https:\/\/senzor.ba\/?p=7552"},"modified":"2024-01-15T21:48:49","modified_gmt":"2024-01-15T20:48:49","slug":"predsjednicki-izbori-u-sjevernoj-makedoniji","status":"publish","type":"post","link":"https:\/\/tvsensor.com\/clanak\/predsjednicki-izbori-u-sjevernoj-makedoniji\/","title":{"rendered":"Predsjedni\u010dki izbori u Sjevernoj Makedoniji"},"content":{"rendered":"<p>\u0160irom Sjeverne Makedonije jutros u sedam sati otvorena su birali\u0161ta, \u010dime je po\u010delo glasanje u prvom krugu predsjedni\u010dkih izbora u toj zemlji.<\/p>\n<p>Glasa\u010dka mjesta \u0107e biti otvorena do 19 sati. Na predsjedni\u010dkim izborima glasa se na 3.480 glasa\u010dkih mjesta u 80 op\u0161tina i u gradu Skoplju, kao i na 32 glasa\u010dka mjesta van zemlje.<\/p>\n<p>Pravo glasa ima 1.808.131 gra\u0111anin, od kojih danas mo\u017ee da glasa 1.726.696, dok je ostatak gra\u0111ana, a to su zatvorenici, raseljeni i bolesna lica koji su na posebnim izbornim listama glasali tokom ju\u010dera\u0161njeg dana.<\/p>\n<p>Kandidati za predsjednika Severne Makedonije su Stevo Pendarovski, kojeg podr\u017eava aktuelna makedonska vlast, na \u010delu sa SDS-om premijera Zorana Zaeva i DUI-em Ali Ahmetija, Gordana Siljanovska \u2013 Davkova koju podr\u017eavaju opozicione partije predvo\u0111ene sa VMRO-DPMNE i Blerim Reka, kandidat albanskog opzicionog bloka, Saveza Albanaca i pokreta Besa. Sva tri kandidata su akademski radnici.<\/p>\n<p>Osim izbora za predsjednika zemlje, danas se odr\u017eavaju i izbori za predsjednika op\u0161tina Ohrid, Dibar i Novo Selo.<\/p>\n<p>U slu\u010daju da niko od tri kandidata danas ne dobije 50 posto glasova registriranih bira\u010da, odr\u017ea\u0107e se i drugi krug predsjedni\u010dkih izbora i to dvije sedmice kasnije, 5. maja.<\/p>\n<p>Ovo su \u0161esti po redu predsjedni\u010dki izbori u zemlji, ali prvi pod novim imenom Sjeverna Makedonija.<\/p>\n<p>Novi predsjednik \u0107e zamijeniti dosada\u0161njeg Gjorgija Ivanova, koji je bio predsjednik Makedonije u dva mandata. Prema Ustavu Sjeverne Makedonije jedna osoba mo\u017ee biti najvi\u0161e dva puta izabrana na poziciju predsjednika dr\u017eave.<\/p>\n<p>Predsjedni\u010dki mandat traje pet godina.<\/p>\n","protected":false},"excerpt":{"rendered":"<p>\u0160irom Sjeverne Makedonije jutros u sedam sati otvorena su birali\u0161ta, \u010dime je po\u010delo glasanje u prvom krugu predsjedni\u010dkih izbora u toj zemlji. Glasa\u010dka mjesta \u0107e biti otvorena do 19 sati. Na predsjedni\u010dkim izborima glasa se na 3.480 glasa\u010dkih mjesta u 80 op\u0161tina i u gradu Skoplju, kao i na 32 glasa\u010dka mjesta van zemlje. Pravo [&hellip;]<\/p>\n","protected":false},"author":59,"featured_media":7553,"comment_status":"open","ping_status":"closed","sticky":false,"template":"","format":"standard","meta":{"inline_featured_image":false,"footnotes":""},"categories":[40],"tags":[],"class_list":{"0":"post-7552","1":"post","2":"type-post","3":"status-publish","4":"format-standard","5":"has-post-thumbnail","7":"category-region"},"acf":[],"_links":{"self":[{"href":"https:\/\/tvsensor.com\/api\/wp\/v2\/posts\/7552","targetHints":{"allow":["GET"]}}],"collection":[{"href":"https:\/\/tvsensor.com\/api\/wp\/v2\/posts"}],"about":[{"href":"https:\/\/tvsensor.com\/api\/wp\/v2\/types\/post"}],"author":[{"embeddable":true,"href":"https:\/\/tvsensor.com\/api\/wp\/v2\/users\/59"}],"replies":[{"embeddable":true,"href":"https:\/\/tvsensor.com\/api\/wp\/v2\/comments?post=7552"}],"version-history":[{"count":1,"href":"https:\/\/tvsensor.com\/api\/wp\/v2\/posts\/7552\/revisions"}],"predecessor-version":[{"id":7554,"href":"https:\/\/tvsensor.com\/api\/wp\/v2\/posts\/7552\/revisions\/7554"}],"wp:featuredmedia":[{"embeddable":true,"href":"https:\/\/tvsensor.com\/api\/wp\/v2\/media\/7553"}],"wp:attachment":[{"href":"https:\/\/tvsensor.com\/api\/wp\/v2\/media?parent=7552"}],"wp:term":[{"taxonomy":"category","embeddable":true,"href":"https:\/\/tvsensor.com\/api\/wp\/v2\/categories?post=7552"},{"taxonomy":"post_tag","embeddable":true,"href":"https:\/\/tvsensor.com\/api\/wp\/v2\/tags?post=7552"}],"curies":[{"name":"wp","href":"https:\/\/api.w.org\/{rel}","templated":true}]}}