{"id":7538,"date":"2019-04-20T20:16:18","date_gmt":"2019-04-20T20:16:18","guid":{"rendered":"https:\/\/senzor.ba\/?p=7538"},"modified":"2024-01-15T21:48:49","modified_gmt":"2024-01-15T20:48:49","slug":"video-dino-selimovic-kandidat-danske-sa-bosanskim-glasovima-sam-u-eu-parlamentu","status":"publish","type":"post","link":"https:\/\/tvsensor.com\/clanak\/video-dino-selimovic-kandidat-danske-sa-bosanskim-glasovima-sam-u-eu-parlamentu\/","title":{"rendered":"(VIDEO) Dino Selimovi\u0107, kandidat Danske: Sa bosanskim glasovima sam u EU Parlamentu!"},"content":{"rendered":"<p>Da je BiH zemlja sjajnih pojedinaca dokaz je i ovaj momak. Dino Selimovi\u0107 je bio gost Centralnog dnevnika te pokazao kako kao mlad, pametan i skroman \u010dovjek, Bosanac prije svega, mo\u017ee u\u0107i u Evropski parlament. Dino je ro\u0111en u Tuzli, a \u017eivi u Danskoj, kandidat je za mjesto zastupnika u Evropskom parlamentu, a ve\u0107 sa 15 godina bio je Centralnom dnevniku te tada nagovijestio o kakvom se dje\u010daku radi, a danas nas je podsjetio i dokazao koliko vrijedi i tek \u0107e vrijediti.<\/p>\n<p><iframe loading=\"lazy\" title=\"Dino Selimovi\u0107, kandidat Danske: Sa bosanskim glasovima sam u EU Parlamentu!\" width=\"696\" height=\"392\" src=\"https:\/\/www.youtube.com\/embed\/IKnMHEYiWkE?feature=oembed\" frameborder=\"0\" allow=\"accelerometer; autoplay; clipboard-write; encrypted-media; gyroscope; picture-in-picture\" allowfullscreen><\/iframe><\/p>\n<p>\u201eOdluka da budem kandidat nije bila moja. Stranka je do\u0161la, predstavnik iz mog regiona me nazvao i pitao ho\u0107u li, to je Konzervativna narodna stranka (Danska) . Mi imamo tri ministra, pravosu\u0111a, privrede i socijalnih slu\u010dajeva\u201c, rekao je Dino.<\/p>\n<p>Primjer i vodilja Dini je i Jasenko Selimovi\u0107, \u0161vedski zastupnik u Evropskom parlamentu, a koji je tako\u0111er porijeklom iz BiH<\/p>\n<p>\u201eImam sve mogu\u0107e prilike ako u\u0111em u Parlament. Jasenko Selimovi\u0107 mi je motiv vi\u0161e. Vidite koji je pritisak na BiH, \u0161ta se sve radilo da bi se zakuhalo. Bitno je da imamo ljude na\u0161eg porijekla koji se mogu zalagati za pozitivne promjene u BiH. Va\u017eno je da podr\u017eimo na\u0161e ljude u Evropi\u201c, naglasio je Selimovi\u0107 te dodao:<\/p>\n<p>\u201eOko 18.000 ima Bosanaca u Danskoj. Pravo glasa ima oko 12.000, zna\u010di da oni imaju Dansko dr\u017eavljanstvo. Samo je 50% Bosanaca glasalo, vrlo je va\u017eno da svi tu mogu\u0107nost iskoriste. Iz cijele Danske imamo 12 zastupnika koji su u Evropskom parlamentu. Ako Britanija iza\u0111e bit \u0107e 14 mjesta. Kad bi samo Bosanci iza\u0161li i glasali za mene zna\u010di da \u0107u biti prvi zamjenik u parlamentu\u201c, zaklju\u010dio je Selimovi\u0107.<\/p>\n<p>face.ba<\/p>\n","protected":false},"excerpt":{"rendered":"<p>Da je BiH zemlja sjajnih pojedinaca dokaz je i ovaj momak. Dino Selimovi\u0107 je bio gost Centralnog dnevnika te pokazao kako kao mlad, pametan i skroman \u010dovjek, Bosanac prije svega, mo\u017ee u\u0107i u Evropski parlament. Dino je ro\u0111en u Tuzli, a \u017eivi u Danskoj, kandidat je za mjesto zastupnika u Evropskom parlamentu, a ve\u0107 sa [&hellip;]<\/p>\n","protected":false},"author":59,"featured_media":7539,"comment_status":"open","ping_status":"closed","sticky":false,"template":"","format":"standard","meta":{"inline_featured_image":false,"footnotes":""},"categories":[39],"tags":[],"class_list":{"0":"post-7538","1":"post","2":"type-post","3":"status-publish","4":"format-standard","5":"has-post-thumbnail","7":"category-dijaspora"},"acf":[],"_links":{"self":[{"href":"https:\/\/tvsensor.com\/api\/wp\/v2\/posts\/7538","targetHints":{"allow":["GET"]}}],"collection":[{"href":"https:\/\/tvsensor.com\/api\/wp\/v2\/posts"}],"about":[{"href":"https:\/\/tvsensor.com\/api\/wp\/v2\/types\/post"}],"author":[{"embeddable":true,"href":"https:\/\/tvsensor.com\/api\/wp\/v2\/users\/59"}],"replies":[{"embeddable":true,"href":"https:\/\/tvsensor.com\/api\/wp\/v2\/comments?post=7538"}],"version-history":[{"count":2,"href":"https:\/\/tvsensor.com\/api\/wp\/v2\/posts\/7538\/revisions"}],"predecessor-version":[{"id":7542,"href":"https:\/\/tvsensor.com\/api\/wp\/v2\/posts\/7538\/revisions\/7542"}],"wp:featuredmedia":[{"embeddable":true,"href":"https:\/\/tvsensor.com\/api\/wp\/v2\/media\/7539"}],"wp:attachment":[{"href":"https:\/\/tvsensor.com\/api\/wp\/v2\/media?parent=7538"}],"wp:term":[{"taxonomy":"category","embeddable":true,"href":"https:\/\/tvsensor.com\/api\/wp\/v2\/categories?post=7538"},{"taxonomy":"post_tag","embeddable":true,"href":"https:\/\/tvsensor.com\/api\/wp\/v2\/tags?post=7538"}],"curies":[{"name":"wp","href":"https:\/\/api.w.org\/{rel}","templated":true}]}}