{"id":7532,"date":"2019-04-20T20:10:16","date_gmt":"2019-04-20T20:10:16","guid":{"rendered":"https:\/\/senzor.ba\/?p=7532"},"modified":"2024-01-15T21:48:49","modified_gmt":"2024-01-15T20:48:49","slug":"video-duda-balje-bosnjaci-na-kosovu-imaju-veca-prava-od-bosnjaka-u-bih","status":"publish","type":"post","link":"https:\/\/tvsensor.com\/clanak\/video-duda-balje-bosnjaci-na-kosovu-imaju-veca-prava-od-bosnjaka-u-bih\/","title":{"rendered":"(VIDEO) Duda Balje: Bo\u0161njaci na Kosovu imaju ve\u0107a prava od Bo\u0161njaka u BiH!"},"content":{"rendered":"<p>Go\u0161\u0107a emisije Face to Face bila je Duda Balje, zastupnica bo\u0161nja\u010dke zajednice u Skup\u0161tini Kosovo. Za par dana \u0107e biti i potpredsjednica Skup\u0161tine Kosova. O Vu\u010di\u0107u ne misli ni\u0161ta, a o Dodiku ka\u017ee, bolje da nam ne ka\u017ee \u0161ta misli.<\/p>\n<p><iframe loading=\"lazy\" title=\"Duda Balje: Bo\u0161njaci na Kosovu imaju ve\u0107a prava od Bo\u0161njaka u BiH!\" width=\"696\" height=\"392\" src=\"https:\/\/www.youtube.com\/embed\/fnlb6inI2w4?feature=oembed\" frameborder=\"0\" allow=\"accelerometer; autoplay; clipboard-write; encrypted-media; gyroscope; picture-in-picture\" allowfullscreen><\/iframe><\/p>\n<p>\u201eMi imamo svoja tri mjesta u Parlamentu. Po zadnjem popisu ima blizu 30.000 Bo\u0161njaka, ima nas u Mitrovici, po malo u Pri\u0161tini, po i po cijelom Kosovu. U Bo\u0161nja\u010dkoj mahali u Kosovskoj Mitrovici Bo\u0161njaka ima sve manje, oni su \u017ertva odnosa Albanaca i Srba, na liniji su i svi se otimaju za njih. Meni je te\u0161ko njima pomo\u0107i zato \u0161to ima razli\u010ditih politi\u010dkih struja. U nemogu\u0107nosti su da na\u0111u posao. Tamo je situacija neprestano napeta, u tom dijelu Kosova\u201c, rekla je Balje te dodala:<\/p>\n<p>\u201eKosovske Albance ne zanima politi\u010dka situacija u Beogradu, odgovara im napetost vjerovatno. Srpski poslanici na Kosovu bojkotuju rad skup\u0161tine, ne znamo koji su im planovi, nemamo informacija o njima. Jako malo imamo kontakta s njima, a mi imamo svakako previ\u0161e svojih problema. Odnosi Srbije i Kosova su odnosi dvije nezavisne zemlje, bez obzira \u0161to to Srbija ne\u0107e da prizna\u201c, dodala je Balje.<\/p>\n<p>Danas je odr\u017ean i politi\u010dki miting Aleksandra Vu\u010di\u0107a kojem je prisustvovao i Dodik, a Duda ka\u017ee da \u0107e ta vijest na Kosovu pro\u0107i kao i svaka regionalna vijest.<\/p>\n<p>\u201eMi u momentu podjele vlasti nemamo nikakve odnose sa Srbijom. Mi kao zajednica imamo posebna prava. Ne ulazimo jedni drugima u politi\u010dki teren. Ve\u0107a je saradnja sa Albanskom zajednicom. Mi smo poslije rata uspostavili nastavu na bosanskom jeziku. U odijeljenjima sa pet u\u010denika nastava se odvija na bosanskom jeziku.\u00a0 Dakle, gdje god ima bar 5% bosanske djece. U Vladi smo donijeli odluku da imamo pravo koristiti knjige iz Bosne i Hercecegovine. Mi smo naj\u010distiji Kosovari. Nalazimo puteve na kojima \u0107emo rije\u0161iti na\u0161e probleme\u201c, rekla je Balje te se po\u017ealila na saradnju sa bh. institucijama:<\/p>\n<p>\u201eSaradnja sa BiH je vrlo mala. Poku\u0161ali smo uspostaviti kontakte s institucijama ali nije bilo odgovora Meni je velika manjkavost na poslu \u0161to nemam konekciju sa Bosnom. Nikakva pozitivna izjava iz Bosne. Nama samo treba moralna podr\u0161ka. Mi smo na\u0161li svoje mjesto na Kosovu. Za Bosnu ka\u017eemo da nam je mati\u010dna dr\u017eava, a nemamo konekcije\u201c, kazala je te nastavila:<\/p>\n<p>\u201eDa bi bio mir u ku\u0107i imamo uspostavljen sistem rotacije. Mi kao zajednica smo najbrojniji, poslije Albanaca i Srba. Ako gledate agenciju za statistiku onda smo drugi, s obzirom da su Srbi bojkotovali popis. Albanci su nas jako dobro prihvatili. Mi kao Bo\u0161njaci Kosova nikada ni\u0161ta lo\u0161e nismo uradili. Borimo se za Kosovo. Vrlo smo sebi\u010dni kada su na\u0161a prava u pitanju. Ne dam da niko dira moja prava. Mi na fakultetima imamo rezervisana bosanska mjesta.\u00a0 Mi imamo prava i koristimo ih, poku\u0161avamo ih implementirati maksimalno\u201c, dodala je Balje.<\/p>\n<p>Ne optere\u0107uje se time kako je ljudi gledaju<\/p>\n<p>\u201eNisam mogla da se borim protiv medija. Uspjela sam da sve negativne pri\u010de okrenem u svoju korist. Moje ime je poznato na Kosovu. Ako lider nema svoj stav nema ga ni narod. To znam, to sam probala. Mislim da ima prostora da se druga\u010dije djeluje. Ne smijete popu\u0161tati, mi ne popu\u0161tamo. Imamo para za razne projekte. Odr\u017eavamo na\u0161 identitet, jezik, kulturu, tradiciju, to je jako va\u017eno\u201c, rekla je Balje.<\/p>\n<p>O Vu\u010di\u0107u ne misli ni\u0161ta, a o Dodiku ka\u017ee, bolje da nam ne ka\u017ee.<\/p>\n<p>\u201eKosovo nikada ne\u0107e dozvoliti stvaranje RS na svojoj teritoriji. Ne postoji politi\u010dar u Albanskoj zajednici koji ulazi u diskusiju o takvoj temi. Dodikov govor je ciljani za upravljane masom. Ovakve izjave ne idu u prilog Srbiji, radikalni govori ih ne\u0107e pomjeriti s ovog mjesta. Ja ne vjerujem da neko s njim mo\u017ee da razgovara osim Vu\u010di\u0107a. Mislim da imate veliki problem, i dimenzijski i intelektualno\u201c zaklju\u010dila je Duda.<\/p>\n<p>face.ba<\/p>\n","protected":false},"excerpt":{"rendered":"<p>Go\u0161\u0107a emisije Face to Face bila je Duda Balje, zastupnica bo\u0161nja\u010dke zajednice u Skup\u0161tini Kosovo. Za par dana \u0107e biti i potpredsjednica Skup\u0161tine Kosova. O Vu\u010di\u0107u ne misli ni\u0161ta, a o Dodiku ka\u017ee, bolje da nam ne ka\u017ee \u0161ta misli. \u201eMi imamo svoja tri mjesta u Parlamentu. Po zadnjem popisu ima blizu 30.000 Bo\u0161njaka, ima [&hellip;]<\/p>\n","protected":false},"author":59,"featured_media":7534,"comment_status":"open","ping_status":"closed","sticky":false,"template":"","format":"standard","meta":{"inline_featured_image":false,"footnotes":""},"categories":[40],"tags":[],"class_list":{"0":"post-7532","1":"post","2":"type-post","3":"status-publish","4":"format-standard","5":"has-post-thumbnail","7":"category-region"},"acf":[],"_links":{"self":[{"href":"https:\/\/tvsensor.com\/api\/wp\/v2\/posts\/7532","targetHints":{"allow":["GET"]}}],"collection":[{"href":"https:\/\/tvsensor.com\/api\/wp\/v2\/posts"}],"about":[{"href":"https:\/\/tvsensor.com\/api\/wp\/v2\/types\/post"}],"author":[{"embeddable":true,"href":"https:\/\/tvsensor.com\/api\/wp\/v2\/users\/59"}],"replies":[{"embeddable":true,"href":"https:\/\/tvsensor.com\/api\/wp\/v2\/comments?post=7532"}],"version-history":[{"count":2,"href":"https:\/\/tvsensor.com\/api\/wp\/v2\/posts\/7532\/revisions"}],"predecessor-version":[{"id":7541,"href":"https:\/\/tvsensor.com\/api\/wp\/v2\/posts\/7532\/revisions\/7541"}],"wp:featuredmedia":[{"embeddable":true,"href":"https:\/\/tvsensor.com\/api\/wp\/v2\/media\/7534"}],"wp:attachment":[{"href":"https:\/\/tvsensor.com\/api\/wp\/v2\/media?parent=7532"}],"wp:term":[{"taxonomy":"category","embeddable":true,"href":"https:\/\/tvsensor.com\/api\/wp\/v2\/categories?post=7532"},{"taxonomy":"post_tag","embeddable":true,"href":"https:\/\/tvsensor.com\/api\/wp\/v2\/tags?post=7532"}],"curies":[{"name":"wp","href":"https:\/\/api.w.org\/{rel}","templated":true}]}}