{"id":7529,"date":"2019-04-20T20:05:00","date_gmt":"2019-04-20T20:05:00","guid":{"rendered":"https:\/\/senzor.ba\/?p=7529"},"modified":"2024-01-15T21:48:49","modified_gmt":"2024-01-15T20:48:49","slug":"video-david-bilic-momak-koji-je-kordicu-rekao-da-je-ratni-zlocinac","status":"publish","type":"post","link":"https:\/\/tvsensor.com\/clanak\/video-david-bilic-momak-koji-je-kordicu-rekao-da-je-ratni-zlocinac\/","title":{"rendered":"(VIDEO) David Bili\u0107, momak koji je Kordi\u0107u rekao da je ratni zlo\u010dinac!"},"content":{"rendered":"<div class=\"main-article-text-wrapper\">\n<p>Gost ve\u010dera\u0161njeg Centralnog dnevnika bio je David Bili\u0107, hrabri momak i student koji je nedavno u Hrvatskoj zajedno sa svojom grupom prekinuo predavanje Daria Kordi\u0107a, onoga koji je bio osu\u0111en za ratni zlo\u010din u Ahmi\u0107ima.<\/p>\n<p><iframe loading=\"lazy\" title=\"David Bili\u0107, momak koji je Kordi\u0107u rekao da je ratni zlo\u010dinac!\" width=\"696\" height=\"392\" src=\"https:\/\/www.youtube.com\/embed\/Vx8dAk2cz2E?feature=oembed\" frameborder=\"0\" allow=\"accelerometer; autoplay; clipboard-write; encrypted-media; gyroscope; picture-in-picture\" allowfullscreen><\/iframe><\/p>\n<p>Tokom gostovanja David je pojasnio zbog \u010dega prekinuo predavanje, ali i razgovarao o drugim temama.<\/p>\n<p>\u201eJednostavno, moj prijatelj i ja. \u010duli smo se, dan prije doga\u0111aja i dogovorili se da moramo ne\u0161to napraviti. Shvatili smo da ne mo\u017eemo dopustiti da neki takav lik u sveu\u010dili\u0161nim prostorijama ima predavanja. Jednostavno smo rekli da se neko tome mora usprotiviti\u201c, rekao je David na po\u010detku gostovanja.<\/p>\n<p>Za ovako ne\u0161to, jasno je da je potrebna hrabrost. Iza Davida stali su i drugi ljudi, no veliki dio njih nije \u017eelio iza\u0107i u javnost. Ipak, David je dobio poruke podr\u0161ke. Na pitanje za\u0161to je ba\u0161 on to uradio, David je odgovorio:<\/p>\n<p>\u201eAko ne\u0107emo mi, ko \u0107e drugi. Neko mora, ja sam uvjeren da se dosta ljudi sla\u017ee sa mnom. Primio sam dosta poruka podr\u0161ke, ali eto drugi se nisu usudili, mislili su da je nemogu\u0107e skupiti ekipu. Mi smo rekli, moramo i napravili smo to\u201c.<\/p>\n<p>Upitan da li ve\u0107ina ljudi u regionu razumije sve, ali ne reaguje, jer manjina vlada, David kao student filozofije odgovara:<\/p>\n<p>\u201eMislim da definitivno manjina vlada. Manjina vlada nad jednom ogromnom ve\u0107inom ve\u0107inom. Tako \u0107e i taj Kordi\u0107 mo\u017eda \u0107e neke mlade ljude koji imaju probleme, a koje dijele i sa Bo\u0161njacima i Srbima, usmjeriti svoju mr\u017enju. Umjesto na Kordi\u0107a koji afirmira takav sistem, usmjeriti mr\u017enju na te mlade\u201c, kazao je David.<\/p>\n<p>Zbog onoga \u0161to je u\u010dinio, David ka\u017ee da je mogu\u0107e da bi mogao imati problema sa zaposlenjem, no ipak o posljedicama nije razmi\u0161ljao. Svojim postupkom dokazao je da takvim ljudima poput Kordi\u0107a, nije mjesto u dru\u0161tvu.<\/p>\n<p>\u201eDobio sam zbog toga mnoge prijetenje, bilo je komentara po dru\u0161tvenim mre\u017eama i novinskim portalima. Govorili su mi da se pazim. Neko mi je \u010dak u inbox poslao sliku sa golim \u010dovjekom, ne znam \u0161ta je to ta\u010dno predstavljalo\u201c, na\u0161alio se David, te dodao:<\/p>\n<p>\u201eNe bih htio da takav neko pri\u010da u moje ime, mislim da nije dobro da sa se poistovje\u0107uju ljudi iz Hrvatske sa Dariom Kordi\u0107em. On je izrazita manjina.\u201c<\/p>\n<p>David ka\u017ee da je branio ljudskost, te ponovo podvukao da je to bilo potrebno uraditi.<\/p>\n<p>\u201eOn je ratni zlo\u010dinac, on je kolja\u010d i nema mu mjesta me\u0111u nama. Mislim da je dobro da se suprotstavimo svim drugim normalizacijama toga, ratnih zlo\u010dinaca\u201c, rekao je David.<\/p>\n<p>Za kraj je kazao da \u0107e biti kandidat za Evropski parlament na izborima u maju.<\/p>\n<\/div>\n<div id=\"intext_1\" class=\"banner-billboard\"><\/div>\n<div class=\"fb-comments fb_iframe_widget fb_iframe_widget_fluid_desktop\"><\/div>\n","protected":false},"excerpt":{"rendered":"<p>Gost ve\u010dera\u0161njeg Centralnog dnevnika bio je David Bili\u0107, hrabri momak i student koji je nedavno u Hrvatskoj zajedno sa svojom grupom prekinuo predavanje Daria Kordi\u0107a, onoga koji je bio osu\u0111en za ratni zlo\u010din u Ahmi\u0107ima. Tokom gostovanja David je pojasnio zbog \u010dega prekinuo predavanje, ali i razgovarao o drugim temama. \u201eJednostavno, moj prijatelj i ja. [&hellip;]<\/p>\n","protected":false},"author":59,"featured_media":7530,"comment_status":"open","ping_status":"closed","sticky":false,"template":"","format":"standard","meta":{"inline_featured_image":false,"footnotes":""},"categories":[75],"tags":[],"class_list":{"0":"post-7529","1":"post","2":"type-post","3":"status-publish","4":"format-standard","5":"has-post-thumbnail","7":"category-intervju"},"acf":[],"_links":{"self":[{"href":"https:\/\/tvsensor.com\/api\/wp\/v2\/posts\/7529","targetHints":{"allow":["GET"]}}],"collection":[{"href":"https:\/\/tvsensor.com\/api\/wp\/v2\/posts"}],"about":[{"href":"https:\/\/tvsensor.com\/api\/wp\/v2\/types\/post"}],"author":[{"embeddable":true,"href":"https:\/\/tvsensor.com\/api\/wp\/v2\/users\/59"}],"replies":[{"embeddable":true,"href":"https:\/\/tvsensor.com\/api\/wp\/v2\/comments?post=7529"}],"version-history":[{"count":4,"href":"https:\/\/tvsensor.com\/api\/wp\/v2\/posts\/7529\/revisions"}],"predecessor-version":[{"id":7537,"href":"https:\/\/tvsensor.com\/api\/wp\/v2\/posts\/7529\/revisions\/7537"}],"wp:featuredmedia":[{"embeddable":true,"href":"https:\/\/tvsensor.com\/api\/wp\/v2\/media\/7530"}],"wp:attachment":[{"href":"https:\/\/tvsensor.com\/api\/wp\/v2\/media?parent=7529"}],"wp:term":[{"taxonomy":"category","embeddable":true,"href":"https:\/\/tvsensor.com\/api\/wp\/v2\/categories?post=7529"},{"taxonomy":"post_tag","embeddable":true,"href":"https:\/\/tvsensor.com\/api\/wp\/v2\/tags?post=7529"}],"curies":[{"name":"wp","href":"https:\/\/api.w.org\/{rel}","templated":true}]}}