{"id":752,"date":"2019-02-13T11:57:41","date_gmt":"2019-02-13T11:57:41","guid":{"rendered":"https:\/\/senzor.ba\/?p=752"},"modified":"2024-01-15T21:50:09","modified_gmt":"2024-01-15T20:50:09","slug":"italija-gradonacelnik-placa-gradanima-da-biciklom-idu-na-posao","status":"publish","type":"post","link":"https:\/\/tvsensor.com\/clanak\/italija-gradonacelnik-placa-gradanima-da-biciklom-idu-na-posao\/","title":{"rendered":"Italija: Gradona\u010delnik pla\u0107a gra\u0111anima da biciklom idu na posao"},"content":{"rendered":"\n<p>Grad Bari prvi je u Italiji koji \u0107e pla\u0107ati gra\u0111anima da biciklom dolaze na posao, objavio je list &#8220;Lokal&#8221;.<\/p>\n\n\n\n<p>Gradona\u010delnik Barija Antonio Dekaro planira da &#8220;udvostru\u010di broj \nbicikala u gradu ove godine&#8221; i u tu svrhu pokrenu\u0107e pilot-projekat koji \n\u0107e trajati \u010detiri mjeseca u okviru kojeg \u0107e se gra\u0111anima pla\u0107ati da \nbiciklom dolaze i odlaze sa posla.<\/p>\n\n\n\n<p>Onima koji biciklom do\u0111u na posao ili u \u0161kolu bi\u0107e pla\u0107ano 20 \ncenti po kilometru, odnosno maksimalno 25 eura mjese\u010dno, ili 125 \nkilometara mjese\u010dno.<\/p>\n\n\n\n<p>Za ovaj projekat mo\u017ee da se prijavi do 1.000 gra\u0111ana Barija. Na \nnjihove bicikle bi\u0107e ugra\u0111en ure\u0111aj za pra\u0107enje kilometra\u017ee, na osnovu \n\u010dega \u0107e se ra\u010dunati mjese\u010dna isplata.<\/p>\n\n\n\n<p>Za &#8220;obi\u010dne&#8221; neposlovne vo\u017enje biciklom bi\u0107e pla\u0107ano 0,04 eura po kilometru.<\/p>\n\n\n\n<p>&#8220;Vo\u017enjom bicikla zaradi\u0107ete novac, to ne\u0107e samo biti dobro za va\u0161e zdravlje&#8221;, rekao je gradona\u010delnik.<\/p>\n\n\n\n<p>Grad je, tako\u0111e, za one koji nemaju bicikl odvojio posebna \nsredstva pomo\u0107i da mogu da kupe bicikl i to va\u017ei i za zaposlene i za \nroditelje, odnosno djecu.<\/p>\n\n\n\n<p>Grad \u0107e sa 100 eura pomo\u0107i u kupovini polovnog bicikla, 150 eura da se kupi novi ili 250 eura za nabavku elektri\u010dnog bicikla.<\/p>\n","protected":false},"excerpt":{"rendered":"<p>Grad Bari prvi je u Italiji koji \u0107e pla\u0107ati gra\u0111anima da biciklom dolaze na posao, objavio je list &#8220;Lokal&#8221;. Gradona\u010delnik Barija Antonio Dekaro planira da &#8220;udvostru\u010di broj bicikala u gradu ove godine&#8221; i u tu svrhu pokrenu\u0107e pilot-projekat koji \u0107e trajati \u010detiri mjeseca u okviru kojeg \u0107e se gra\u0111anima pla\u0107ati da biciklom dolaze i odlaze [&hellip;]<\/p>\n","protected":false},"author":59,"featured_media":753,"comment_status":"open","ping_status":"closed","sticky":false,"template":"","format":"standard","meta":{"inline_featured_image":false,"footnotes":""},"categories":[53,56],"tags":[],"class_list":{"0":"post-752","1":"post","2":"type-post","3":"status-publish","4":"format-standard","5":"has-post-thumbnail","7":"category-magazin","8":"category-zanimljivosti"},"acf":[],"_links":{"self":[{"href":"https:\/\/tvsensor.com\/api\/wp\/v2\/posts\/752","targetHints":{"allow":["GET"]}}],"collection":[{"href":"https:\/\/tvsensor.com\/api\/wp\/v2\/posts"}],"about":[{"href":"https:\/\/tvsensor.com\/api\/wp\/v2\/types\/post"}],"author":[{"embeddable":true,"href":"https:\/\/tvsensor.com\/api\/wp\/v2\/users\/59"}],"replies":[{"embeddable":true,"href":"https:\/\/tvsensor.com\/api\/wp\/v2\/comments?post=752"}],"version-history":[{"count":1,"href":"https:\/\/tvsensor.com\/api\/wp\/v2\/posts\/752\/revisions"}],"predecessor-version":[{"id":754,"href":"https:\/\/tvsensor.com\/api\/wp\/v2\/posts\/752\/revisions\/754"}],"wp:featuredmedia":[{"embeddable":true,"href":"https:\/\/tvsensor.com\/api\/wp\/v2\/media\/753"}],"wp:attachment":[{"href":"https:\/\/tvsensor.com\/api\/wp\/v2\/media?parent=752"}],"wp:term":[{"taxonomy":"category","embeddable":true,"href":"https:\/\/tvsensor.com\/api\/wp\/v2\/categories?post=752"},{"taxonomy":"post_tag","embeddable":true,"href":"https:\/\/tvsensor.com\/api\/wp\/v2\/tags?post=752"}],"curies":[{"name":"wp","href":"https:\/\/api.w.org\/{rel}","templated":true}]}}