{"id":7411,"date":"2019-04-18T19:44:16","date_gmt":"2019-04-18T19:44:16","guid":{"rendered":"https:\/\/senzor.ba\/?p=7411"},"modified":"2024-01-15T21:48:50","modified_gmt":"2024-01-15T20:48:50","slug":"ajanovic-vlada-fbih-odbila-da-obezbijedi-sredstva-za-lijecenje-djece","status":"publish","type":"post","link":"https:\/\/tvsensor.com\/clanak\/ajanovic-vlada-fbih-odbila-da-obezbijedi-sredstva-za-lijecenje-djece\/","title":{"rendered":"Ajanovi\u0107: Vlada FBiH odbila da obezbijedi sredstva za lije\u010denje djece"},"content":{"rendered":"<p>Predsjednik stranke BOSS\u00a0<strong>Mirnes Ajanovi\u0107<\/strong>\u00a0uputio je otvoreno pismo, a u povodu odbijanja inicijative Gradskog vije\u0107a Tuzla od strane Vlade Federacije BiH, da se obezbijedi bud\u017eetsko finansiranje lije\u010denja te\u0161kih oboljenja djece koja se ne mogu lije\u010diti u BiH.<\/p>\n<blockquote><p>\u201cOdbijanje od strane Vlade Federacije BiH inicijative Gradskog vije\u0107a Tuzla da se na svim nivoima vlasti u dr\u017eavi obezbijede bud\u017eetska sredstva za finansiranje lije\u010denja te\u0161kih oboljenja djece koja se ne mogu lije\u010diti u BiH, dokazuje potpunu bezdu\u0161nost premijera Fadila Novali\u0107a i njegovih bezosje\u0107ajnih sau\u010desnika u bezobzirnoj Vladi\u201d, istakao je Mirnes Ajanovi\u0107.<\/p><\/blockquote>\n<p>Dodao je da brutalnost odbijanja dono\u0161enja posebnog Zakona o fondu solidarnosti za dijagnostiku i<br \/>\nlije\u010denje te\u0161kih oboljenja kod djece, navo\u0111enjem da postoji Fond solidarnosti, dokazuju apeli roditelja za prikupljanjem nov\u010dane podr\u0161ke za pla\u0107anje lije\u010denja djece koja nisu u mogu\u0107nosti da se lije\u010de u BiH.<\/p>\n<p><strong>\u201cNesposobna Vlada Federacije BiH bila je du\u017ena obezbijediti svim gra\u0111anima, i djeci ali i odraslima, adekvatne uslove lije\u010denje u zdravstvenim ustanovama u dr\u017eavi, pa ne bi ni bilo potrebe za zahtjeve finansiranja lije\u010denja u inostranstvu. U okolnostima kada protivhumana politika otjeruje ne samo ljekare nego i sve koji mogu oti\u0107i dr\u017eave, obaveza vlasti je da plati u cijelosti sva lije\u010denja za koja se ljekarskom dokumentacijom utvrdi da se moraju obaviti u inostranstvu\u201d, upozorio je predsjednik BOSS-a Mirnes Ajanovi\u0107.<\/strong><\/p>\n","protected":false},"excerpt":{"rendered":"<p>Predsjednik stranke BOSS\u00a0Mirnes Ajanovi\u0107\u00a0uputio je otvoreno pismo, a u povodu odbijanja inicijative Gradskog vije\u0107a Tuzla od strane Vlade Federacije BiH, da se obezbijedi bud\u017eetsko finansiranje lije\u010denja te\u0161kih oboljenja djece koja se ne mogu lije\u010diti u BiH. \u201cOdbijanje od strane Vlade Federacije BiH inicijative Gradskog vije\u0107a Tuzla da se na svim nivoima vlasti u dr\u017eavi obezbijede [&hellip;]<\/p>\n","protected":false},"author":59,"featured_media":7412,"comment_status":"open","ping_status":"closed","sticky":false,"template":"","format":"standard","meta":{"inline_featured_image":false,"footnotes":""},"categories":[234],"tags":[],"class_list":{"0":"post-7411","1":"post","2":"type-post","3":"status-publish","4":"format-standard","5":"has-post-thumbnail","7":"category-politika"},"acf":[],"_links":{"self":[{"href":"https:\/\/tvsensor.com\/api\/wp\/v2\/posts\/7411","targetHints":{"allow":["GET"]}}],"collection":[{"href":"https:\/\/tvsensor.com\/api\/wp\/v2\/posts"}],"about":[{"href":"https:\/\/tvsensor.com\/api\/wp\/v2\/types\/post"}],"author":[{"embeddable":true,"href":"https:\/\/tvsensor.com\/api\/wp\/v2\/users\/59"}],"replies":[{"embeddable":true,"href":"https:\/\/tvsensor.com\/api\/wp\/v2\/comments?post=7411"}],"version-history":[{"count":1,"href":"https:\/\/tvsensor.com\/api\/wp\/v2\/posts\/7411\/revisions"}],"predecessor-version":[{"id":7413,"href":"https:\/\/tvsensor.com\/api\/wp\/v2\/posts\/7411\/revisions\/7413"}],"wp:featuredmedia":[{"embeddable":true,"href":"https:\/\/tvsensor.com\/api\/wp\/v2\/media\/7412"}],"wp:attachment":[{"href":"https:\/\/tvsensor.com\/api\/wp\/v2\/media?parent=7411"}],"wp:term":[{"taxonomy":"category","embeddable":true,"href":"https:\/\/tvsensor.com\/api\/wp\/v2\/categories?post=7411"},{"taxonomy":"post_tag","embeddable":true,"href":"https:\/\/tvsensor.com\/api\/wp\/v2\/tags?post=7411"}],"curies":[{"name":"wp","href":"https:\/\/api.w.org\/{rel}","templated":true}]}}