{"id":7408,"date":"2019-04-18T19:39:24","date_gmt":"2019-04-18T19:39:24","guid":{"rendered":"https:\/\/senzor.ba\/?p=7408"},"modified":"2024-01-15T21:48:50","modified_gmt":"2024-01-15T20:48:50","slug":"evo-koliko-drzavljana-bih-zivi-u-njemackoj","status":"publish","type":"post","link":"https:\/\/tvsensor.com\/clanak\/evo-koliko-drzavljana-bih-zivi-u-njemackoj\/","title":{"rendered":"Evo koliko dr\u017eavljana BiH \u017eivi u Njema\u010dkoj"},"content":{"rendered":"<h4>U Njema\u010dkoj je na kraju pro\u0161le godine \u017eivjelo 190.495 dr\u017eavljana Bosne i Hercegovine, pi\u0161e BiznisInfo na osnovu obimnog izvje\u0161taja o njema\u010dkom stanovni\u0161tvu kojeg je ove sedmice objavio Dr\u017eavni statisti\u010dki zavod u Wiesbadenu.<\/h4>\n<p>Od tog broja je oko 100 hiljada mu\u0161karaca i oko 90 hiljada \u017eena.<\/p>\n<p>Ukupan broj dr\u017eavljana BiH lani se pove\u0107ao za desetak hiljada, jer ih je na kraju 2017. u Njema\u010dkoj bilo 180.950.\u00a0Na kraju 2016. bilo ih je 172.560.<\/p>\n<p>Ovaj broj se pove\u0107ava iz godine u godinu, ali je naro\u010dito intenziviran u posljednje vrijeme. Naprimjer, 2011. godine u Njema\u010dkoj je \u017eivjelo 153 hiljade dr\u017eavljana BiH.<\/p>\n<h4>Rekordan broj stranaca<\/h4>\n<p>U Njema\u010dkoj je 2018. \u017eivio rekordan broj stranaca, a njihov broj se u pro\u0161loj godini pove\u0107ao za oko 292.000 te iznosi 10,9 miliona.<\/p>\n<p>Ukupno je krajem 2018. u Njema\u010dkoj \u017eivjelo ne\u0161to ispod 83 miliona stanovnika, a 10,9 miliona stranaca se odnosi samo na osobe sa stranim dr\u017eavljanstvom.<\/p>\n<p>Ovde se, dakle, ne ubrajaju osobe koje imaju migrantske korijene, odnosno naprimjer koje su porijeklom iz BiH.<\/p>\n<p>Najve\u0107i priljev useljenika pro\u0161le je godine zabilje\u017een iz zemalja zapadnog Balkana, Srbije, Bosne i Hercegovine, Kosova, Crne Gore i Albanije. Porast useljenika iz ovih zemalja povezuje se sa zakonom o useljavanju stru\u010dne radne snage iz ovog dijela Europe, koji je Njema\u010dka donijela 2015.<\/p>\n<p>Pored stanovnika neke od zemalja zapadnog Balkana, najve\u0107i broj useljenika koji su u Njema\u010dku do\u0161li na temelju radnih ugovora dolazi iz Indije, Kine i SAD-a.<\/p>\n","protected":false},"excerpt":{"rendered":"<p>U Njema\u010dkoj je na kraju pro\u0161le godine \u017eivjelo 190.495 dr\u017eavljana Bosne i Hercegovine, pi\u0161e BiznisInfo na osnovu obimnog izvje\u0161taja o njema\u010dkom stanovni\u0161tvu kojeg je ove sedmice objavio Dr\u017eavni statisti\u010dki zavod u Wiesbadenu. Od tog broja je oko 100 hiljada mu\u0161karaca i oko 90 hiljada \u017eena. Ukupan broj dr\u017eavljana BiH lani se pove\u0107ao za desetak hiljada, [&hellip;]<\/p>\n","protected":false},"author":59,"featured_media":7409,"comment_status":"open","ping_status":"closed","sticky":false,"template":"","format":"standard","meta":{"inline_featured_image":false,"footnotes":""},"categories":[39],"tags":[],"class_list":{"0":"post-7408","1":"post","2":"type-post","3":"status-publish","4":"format-standard","5":"has-post-thumbnail","7":"category-dijaspora"},"acf":[],"_links":{"self":[{"href":"https:\/\/tvsensor.com\/api\/wp\/v2\/posts\/7408","targetHints":{"allow":["GET"]}}],"collection":[{"href":"https:\/\/tvsensor.com\/api\/wp\/v2\/posts"}],"about":[{"href":"https:\/\/tvsensor.com\/api\/wp\/v2\/types\/post"}],"author":[{"embeddable":true,"href":"https:\/\/tvsensor.com\/api\/wp\/v2\/users\/59"}],"replies":[{"embeddable":true,"href":"https:\/\/tvsensor.com\/api\/wp\/v2\/comments?post=7408"}],"version-history":[{"count":1,"href":"https:\/\/tvsensor.com\/api\/wp\/v2\/posts\/7408\/revisions"}],"predecessor-version":[{"id":7410,"href":"https:\/\/tvsensor.com\/api\/wp\/v2\/posts\/7408\/revisions\/7410"}],"wp:featuredmedia":[{"embeddable":true,"href":"https:\/\/tvsensor.com\/api\/wp\/v2\/media\/7409"}],"wp:attachment":[{"href":"https:\/\/tvsensor.com\/api\/wp\/v2\/media?parent=7408"}],"wp:term":[{"taxonomy":"category","embeddable":true,"href":"https:\/\/tvsensor.com\/api\/wp\/v2\/categories?post=7408"},{"taxonomy":"post_tag","embeddable":true,"href":"https:\/\/tvsensor.com\/api\/wp\/v2\/tags?post=7408"}],"curies":[{"name":"wp","href":"https:\/\/api.w.org\/{rel}","templated":true}]}}