{"id":7403,"date":"2019-04-18T15:28:13","date_gmt":"2019-04-18T15:28:13","guid":{"rendered":"https:\/\/senzor.ba\/?p=7403"},"modified":"2024-01-15T21:48:50","modified_gmt":"2024-01-15T20:48:50","slug":"uskoro-brze-do-viza-i-zaposlenja-u-njemackoj","status":"publish","type":"post","link":"https:\/\/tvsensor.com\/clanak\/uskoro-brze-do-viza-i-zaposlenja-u-njemackoj\/","title":{"rendered":"Uskoro br\u017ee do viza i zaposlenja u Njema\u010dkoj?"},"content":{"rendered":"<p>Kada neki politi\u010dar najavi otvaranje 100.000 novih radnih mjesta, ljudi u BiH se \u0161ale da \u0107e polovina njih na\u0107i posao u inostranstvu. Novim njema\u010dkim Zakonom o useljavanju stru\u010dne radne snage (FKEG -Fachkr\u00e4fteeinwanderungsgesetz ), odlazak u Njema\u010dku mogao bi se jo\u0161 vi\u0161e pove\u0107ati &#8211; a to ima posljedice po BiH.<\/p>\n<p>Ponedjeljak ujutro u decembru ispred Njema\u010dke ambasade u Sarajevu. Redovi su, uprkos ki\u0161ici, dugi. Kao i mnogi drugi bh gra\u0111ani, ti ljudi \u017eele oku\u0161ati sre\u0107u u Njema\u010dkoj. Jedan od njih je Anel Voji\u0107, koji na taj termin \u010dekao 17 mjeseci, pi\u0161e njema\u010dki &#8220;Tagesspiegel&#8221;.<\/p>\n<p>Voji\u0107, pi\u0161e dalje, ima 32 godine i iz Biha\u0107a je. Zavr\u0161io je ekonomsku \u0161kolu, ali nije mogao na\u0107i posao.<\/p>\n<p>&#8211; Ako niste \u010dlan stranke, mo\u017eete zaboraviti na to da \u0107e te u Biha\u0107u dobiti dobro pla\u0107en posao. Zemlja je sve korumpiranija i vi\u0161e ne gajim nadu, ka\u017ee on. Njegovo posljednje zaposlenje bio je posao izbaciva\u010da na kome je zara\u0111ivao oko 250 eura mjese\u010dno. To mu vi\u0161e nije dovoljno i \u017eeli i\u0107i u Njema\u010dku.<\/p>\n<p>Voji\u0107 je tek jedan od mnogih koji \u017eele oti\u0107i, kako bi imali bolju budu\u0107nost, pi\u0161e novinar &#8220;Tagesspiegela&#8221;, dodaju\u0107i da sa novim Zakonom u useljavanju stru\u010dne radne snage, Njema\u010dka \u017eeli ubrzati obradu zahtjeva, jer njenoj privredi nedostaju radnici.<\/p>\n<p><strong>Br\u017ee do viza i zaposlenja<\/strong><\/p>\n<p>Za razliku od sada\u0161njih zakonskih odredbi, pi\u0161e dalje u tekstu, novim zakonom bi se trebala ukinuti tzv. &#8220;prioritetna provjera&#8221;, tj. obavezu kompanija da prije nego \u0161to anga\u017euju nekog stranog stru\u010dnjaka provjeri da li bi se za taj posao mogao na\u0107i neko iz Njema\u010dke ili neke druge dr\u017eave \u010dlanice EU-a.<\/p>\n<div class=\"article hasRelatedCard hasRelatedImg hasRelatedCardBody hasRelatedHeader\">\n<div class=\"card\">Osim toga, novi zakon bi trebao pro\u0161iriti spisak za priznavanje stru\u010dnih kvalifikacija &#8211; sli\u010dno kao i priznavanje univerzitetskih diploma, te ubrzati procedure.<\/p>\n<p>&#8211; U Njema\u010dkoj se novi zakon shvata kao triple-winn situacija, u kojoj bi koristi imali i njema\u010dko tr\u017ei\u0161te rada i useljenici iz tre\u0107ih zemalja, kao i zemlje njihovog porijekla&#8230; Ako se sve bude odvijalo po planu, FKEG bi trebao stupiti na snagu po\u010detkom naredne godine,\u00a0prenosi\u00a0<a href=\"https:\/\/www.dw.com\/cda\/bs\/radnici-i-stru%C4%8Dnjaci-iz-bih-uskoro-br%C5%BEe-do-viza-i-zaposlenja-u-njema%C4%8Dkoj\/a-48329010\" target=\"_blank\" rel=\"noopener\"><strong>Deutsche Welle<\/strong><\/a>.<\/p>\n<p>Njema\u010dka ambasada u Sarajevu je, kako se navodi, jedan od najve\u0107ih njema\u010dkih viznih punktova u svijetu &#8211; izme\u0111u 2015. i 2018. godine, broj izdatih viza porastao je sa oko 7.400 na preko 14.100, navodi se u saop\u0107enju Ministarstva vanjskih poslova. Samo u Libanu i Turskoj podneseno je vi\u0161e prijava za vize.<\/p>\n<p><strong>Ko \u0107e \u017eivjeti u BiH za 20 godina?<\/strong><\/p>\n<p>&#8211; Koliko \u0107e ljudi \u017eivjeti ovdje za 15 ili 20 godina? U ljetnjim mjesecima je te\u0161ko na\u0107i dobro obu\u010dene radnike u gra\u0111evinarstvu, elektri\u010dare ili medicinsko osoblje, ka\u017ee politolog Damir Kapid\u017ei\u0107, profesor na Univerzitetu u Sarajevu. U me\u0111uvremenu se, ka\u017ee on, &#8220;\u0161iri cinizam o evropskim zemljama koje imaju koristi od jeftine radne snage izvan EU &#8211; \u010dime \u0107e stvoriti dugoro\u010dne probleme za ekonomsko planiranje zemalja kao \u0161to je Bosna i Hercegovina.&#8221;<\/p>\n<p>No, kako se zaklju\u010duje u tekstu &#8220;Tagesspiegela&#8221;, bosanska politika nije na\u0161la recept da sprije\u010di masovno iseljavanje.<\/p><\/div>\n<\/div>\n<div><\/div>\n<div>&#8211;\u00a0Nedostaju koncepti koji bi sprije\u010dili nastavak iseljavanja, ka\u017ee Kapid\u017ei\u0107. A to \u0107e, dodaje, dovesti do velikih demografskih problema u narednih nekoliko godina.<\/div>\n","protected":false},"excerpt":{"rendered":"<p>Kada neki politi\u010dar najavi otvaranje 100.000 novih radnih mjesta, ljudi u BiH se \u0161ale da \u0107e polovina njih na\u0107i posao u inostranstvu. Novim njema\u010dkim Zakonom o useljavanju stru\u010dne radne snage (FKEG -Fachkr\u00e4fteeinwanderungsgesetz ), odlazak u Njema\u010dku mogao bi se jo\u0161 vi\u0161e pove\u0107ati &#8211; a to ima posljedice po BiH. Ponedjeljak ujutro u decembru ispred Njema\u010dke [&hellip;]<\/p>\n","protected":false},"author":59,"featured_media":7405,"comment_status":"open","ping_status":"closed","sticky":false,"template":"","format":"standard","meta":{"inline_featured_image":false,"footnotes":""},"categories":[39],"tags":[],"class_list":{"0":"post-7403","1":"post","2":"type-post","3":"status-publish","4":"format-standard","5":"has-post-thumbnail","7":"category-dijaspora"},"acf":[],"_links":{"self":[{"href":"https:\/\/tvsensor.com\/api\/wp\/v2\/posts\/7403","targetHints":{"allow":["GET"]}}],"collection":[{"href":"https:\/\/tvsensor.com\/api\/wp\/v2\/posts"}],"about":[{"href":"https:\/\/tvsensor.com\/api\/wp\/v2\/types\/post"}],"author":[{"embeddable":true,"href":"https:\/\/tvsensor.com\/api\/wp\/v2\/users\/59"}],"replies":[{"embeddable":true,"href":"https:\/\/tvsensor.com\/api\/wp\/v2\/comments?post=7403"}],"version-history":[{"count":2,"href":"https:\/\/tvsensor.com\/api\/wp\/v2\/posts\/7403\/revisions"}],"predecessor-version":[{"id":35692,"href":"https:\/\/tvsensor.com\/api\/wp\/v2\/posts\/7403\/revisions\/35692"}],"wp:featuredmedia":[{"embeddable":true,"href":"https:\/\/tvsensor.com\/api\/wp\/v2\/media\/7405"}],"wp:attachment":[{"href":"https:\/\/tvsensor.com\/api\/wp\/v2\/media?parent=7403"}],"wp:term":[{"taxonomy":"category","embeddable":true,"href":"https:\/\/tvsensor.com\/api\/wp\/v2\/categories?post=7403"},{"taxonomy":"post_tag","embeddable":true,"href":"https:\/\/tvsensor.com\/api\/wp\/v2\/tags?post=7403"}],"curies":[{"name":"wp","href":"https:\/\/api.w.org\/{rel}","templated":true}]}}