{"id":7392,"date":"2019-04-18T15:14:38","date_gmt":"2019-04-18T15:14:38","guid":{"rendered":"https:\/\/senzor.ba\/?p=7392"},"modified":"2024-01-15T21:48:51","modified_gmt":"2024-01-15T20:48:51","slug":"biskup-franjo-komarica-uoci-susreta-pape-i-dodika-u-vatikanu-ocekujem-da-ga-papa-pita","status":"publish","type":"post","link":"https:\/\/tvsensor.com\/clanak\/biskup-franjo-komarica-uoci-susreta-pape-i-dodika-u-vatikanu-ocekujem-da-ga-papa-pita\/","title":{"rendered":"Biskup Franjo Komarica uo\u010di susreta Pape i Dodika u Vatikanu: &#8220;O\u010dekujem da ga Papa pita&#8221;&#8230;"},"content":{"rendered":"<p>Biskup banjalu\u010dki Franjo Komarica izjavio je danas da ga raduje da \u0107e naredne sedmice do\u0107i do susreta poglavara Katoli\u010dke crkve pape Franje i predsjedavaju\u0107eg Predsjedni\u0161tva Bosne i Hercegovine Milorada Dodika, isti\u010du\u0107i da o\u010dekuje da \u0107e biti rije\u010di i tome da gotovo nema 95 posto katolika u odnosu na njihov broj prije rata na podru\u010dju tog bh. entiteta.<\/p>\n<p>&#8220;Znamo godinama kakva je situacija s katolicima u ovoj zemlji i \u0161ta se s njima dogodilo za vrijeme rata i nakon tog perioda i da danas imamo manje od polovice katolika od onog broja koji je bilo prije rata na podru\u010dju cijele BiH&#8221;, rekao je Komarica.<\/p>\n<p>Poznato je, ka\u017ee, u polovini bh. entitetu RS nedostaje gotovo 95 posto katolika od onog broja koji je bio prije rata.<\/p>\n<p>&#8220;Vjerujem da, ako i o \u010demu bude razgovora izme\u0111u Svetog oca i njegovih saradnika i politi\u010dkog predstavnika BiH, bit \u0107e pitanje gdje su katolici i za\u0161to se nije i politi\u010dki, pravno i ekonomski omogu\u0107ilo da se vrate oni koji su to \u017eeljeli&#8221;, istakao je Komarica.<\/p>\n<p>Dodao je u izjavi novinarima u Banjoj Luci da ima jo\u0161 oko 4.000 zahtjeva porodica katolika koji \u010dekaju da se vrati na podru\u010dje ove biskupije, ali niko im ne \u017eeli pomo\u0107i.<\/p>\n<p>&#8220;Pri tom susretu morat \u0107e biti postavljeno pitanje \u0161ta kanite s BiH bez jednog konstituvnog naroda i Katoli\u010dke crkve koja ima duge korijene&#8221;, rekao je monsinjor Komarica.<\/p>\n<p>Podsjetio je da Katoli\u010dkoj crkvi nije vra\u0107ena imovina i da su slali zahtjeve da se to omogu\u0107i, kako bi pomogli osobama u stanju socijalne potrebe.<\/p>\n","protected":false},"excerpt":{"rendered":"<p>Biskup banjalu\u010dki Franjo Komarica izjavio je danas da ga raduje da \u0107e naredne sedmice do\u0107i do susreta poglavara Katoli\u010dke crkve pape Franje i predsjedavaju\u0107eg Predsjedni\u0161tva Bosne i Hercegovine Milorada Dodika, isti\u010du\u0107i da o\u010dekuje da \u0107e biti rije\u010di i tome da gotovo nema 95 posto katolika u odnosu na njihov broj prije rata na podru\u010dju tog [&hellip;]<\/p>\n","protected":false},"author":59,"featured_media":7398,"comment_status":"open","ping_status":"closed","sticky":false,"template":"","format":"standard","meta":{"inline_featured_image":false,"footnotes":""},"categories":[37],"tags":[],"class_list":{"0":"post-7392","1":"post","2":"type-post","3":"status-publish","4":"format-standard","5":"has-post-thumbnail","7":"category-vijesti"},"acf":[],"_links":{"self":[{"href":"https:\/\/tvsensor.com\/api\/wp\/v2\/posts\/7392","targetHints":{"allow":["GET"]}}],"collection":[{"href":"https:\/\/tvsensor.com\/api\/wp\/v2\/posts"}],"about":[{"href":"https:\/\/tvsensor.com\/api\/wp\/v2\/types\/post"}],"author":[{"embeddable":true,"href":"https:\/\/tvsensor.com\/api\/wp\/v2\/users\/59"}],"replies":[{"embeddable":true,"href":"https:\/\/tvsensor.com\/api\/wp\/v2\/comments?post=7392"}],"version-history":[{"count":1,"href":"https:\/\/tvsensor.com\/api\/wp\/v2\/posts\/7392\/revisions"}],"predecessor-version":[{"id":7399,"href":"https:\/\/tvsensor.com\/api\/wp\/v2\/posts\/7392\/revisions\/7399"}],"wp:featuredmedia":[{"embeddable":true,"href":"https:\/\/tvsensor.com\/api\/wp\/v2\/media\/7398"}],"wp:attachment":[{"href":"https:\/\/tvsensor.com\/api\/wp\/v2\/media?parent=7392"}],"wp:term":[{"taxonomy":"category","embeddable":true,"href":"https:\/\/tvsensor.com\/api\/wp\/v2\/categories?post=7392"},{"taxonomy":"post_tag","embeddable":true,"href":"https:\/\/tvsensor.com\/api\/wp\/v2\/tags?post=7392"}],"curies":[{"name":"wp","href":"https:\/\/api.w.org\/{rel}","templated":true}]}}