{"id":729,"date":"2019-02-12T20:49:15","date_gmt":"2019-02-12T20:49:15","guid":{"rendered":"https:\/\/senzor.ba\/?p=729"},"modified":"2024-01-15T21:50:10","modified_gmt":"2024-01-15T20:50:10","slug":"porodici-u-sanskom-mostu-izgorjela-kuca-cijelo-selo-se-skupilo-i-pomoglo-im-u-obnovi","status":"publish","type":"post","link":"https:\/\/tvsensor.com\/clanak\/porodici-u-sanskom-mostu-izgorjela-kuca-cijelo-selo-se-skupilo-i-pomoglo-im-u-obnovi\/","title":{"rendered":"Porodici u Sanskom Mostu izgorjela ku\u0107a, cijelo selo se skupilo i pomoglo im u obnovi"},"content":{"rendered":"\n<p>MJE\u0160TANI sela Vr\u0161e, desetak kilometara udaljenog od Sanskog Mosta, \npritekli su u pomo\u0107 svojim susjedima kojima je u po\u017earu izgorjela ku\u0107a \nte su im izgradili novi krov, pi\u0161u <a href=\"https:\/\/www.nezavisne.com\/zivot-stil\/zivot\/Komsije-nakon-pozara-porodici-izgradile-novi-krov\/522436?fbclid=IwAR0VrtfZQt4OiCIjBY6qbiM6MalUKwzCgRQ6oGEjOvYZVFyGuSHDwwZlIw0\" target=\"_blank\" rel=\"noopener\">Nezavisne novine<\/a>.&nbsp;<\/p>\n\n\n\n<p>Admir Veli\u0107, jedan od organizatora akcije, otkrio je da su se u pomo\u0107\n uklju\u010dili svi stanovnici sela, a nakon \u0161to su prikupili nov\u010dana \nsredstva i nabavili gra\u0111evinski materijal, organizirali su zajedni\u010dku \nakciju i obnovili krov.&nbsp;<\/p>\n\n\n\n<p>&#8220;Najva\u017enije je bilo napraviti novi krov kako ku\u0107a ne bi kisnula i \ndalje propadala. Zahvaljujem svima koji su dali doprinos ovoj akciji, \nali mi tu ne\u0107emo stati, jer je potrebno obnoviti sve \u0161to je u po\u017earu \nizgorjelo, kako bi ova obitelj imala normalne uvjete za \u017eivot&#8221;, kazao je\n Veli\u0107 za Nezavisne.<\/p>\n\n\n\n<p>Prema njegovim rije\u010dima, pomo\u0107 su pru\u017eili ili obe\u0107ali brojni kolektivi i pojedinci, kao i lokalne vlasti.<\/p>\n\n\n\n<p>Vlasnici ku\u0107e su bra\u010dni par \u0160efik i Safija Zuli\u0107, a s njima \u017eive njihov maloljetni sin i roditelji.&nbsp;<\/p>\n\n\n\n<p>Zuli\u0107i ka\u017eu da im je u po\u017earu, koji je izbio u petak u ranim \njutarnjim satima, izgorjelo gotovo sve \u0161to su imali. Ustanovljeno je da \nje do po\u017eara do\u0161lo prilikom lo\u017eenja vatre na gornjem katu nakon \u010dega je \niskrica iz pe\u0107i zapalila tepih.&nbsp;<\/p>\n\n\n\n<p>Iako su im odmah nakon izbijanja po\u017eara susjedi pritekli u pomo\u0107, a uskoro su stigli i vatrogasci, krov i gornji kat su potpuno izgorjeli. Tako\u0111er je tokom ga\u0161enja napravljena velika \u0161teta u prizemnim prostorijama, pi\u0161u Nezavisne novine. Zuli\u0107i su i dalje prisiljeni \u017eivjeti u takvoj ku\u0107i jer nemaju drugu opciju.<\/p>\n\n\n\n<p>Zahvalni su kom\u0161ijama \u0161to su im pritr\u010dali u pomo\u0107 ba\u0161 sada kada im je to bilo najpotrebnije u \u017eivotu.<\/p>\n","protected":false},"excerpt":{"rendered":"<p>MJE\u0160TANI sela Vr\u0161e, desetak kilometara udaljenog od Sanskog Mosta, pritekli su u pomo\u0107 svojim susjedima kojima je u po\u017earu izgorjela ku\u0107a te su im izgradili novi krov, pi\u0161u Nezavisne novine.&nbsp; Admir Veli\u0107, jedan od organizatora akcije, otkrio je da su se u pomo\u0107 uklju\u010dili svi stanovnici sela, a nakon \u0161to su prikupili nov\u010dana sredstva i [&hellip;]<\/p>\n","protected":false},"author":59,"featured_media":735,"comment_status":"open","ping_status":"closed","sticky":false,"template":"","format":"standard","meta":{"inline_featured_image":false,"footnotes":""},"categories":[37,38],"tags":[],"class_list":{"0":"post-729","1":"post","2":"type-post","3":"status-publish","4":"format-standard","5":"has-post-thumbnail","7":"category-vijesti","8":"category-vijesti-iz-bih"},"acf":[],"_links":{"self":[{"href":"https:\/\/tvsensor.com\/api\/wp\/v2\/posts\/729","targetHints":{"allow":["GET"]}}],"collection":[{"href":"https:\/\/tvsensor.com\/api\/wp\/v2\/posts"}],"about":[{"href":"https:\/\/tvsensor.com\/api\/wp\/v2\/types\/post"}],"author":[{"embeddable":true,"href":"https:\/\/tvsensor.com\/api\/wp\/v2\/users\/59"}],"replies":[{"embeddable":true,"href":"https:\/\/tvsensor.com\/api\/wp\/v2\/comments?post=729"}],"version-history":[{"count":4,"href":"https:\/\/tvsensor.com\/api\/wp\/v2\/posts\/729\/revisions"}],"predecessor-version":[{"id":35750,"href":"https:\/\/tvsensor.com\/api\/wp\/v2\/posts\/729\/revisions\/35750"}],"wp:featuredmedia":[{"embeddable":true,"href":"https:\/\/tvsensor.com\/api\/wp\/v2\/media\/735"}],"wp:attachment":[{"href":"https:\/\/tvsensor.com\/api\/wp\/v2\/media?parent=729"}],"wp:term":[{"taxonomy":"category","embeddable":true,"href":"https:\/\/tvsensor.com\/api\/wp\/v2\/categories?post=729"},{"taxonomy":"post_tag","embeddable":true,"href":"https:\/\/tvsensor.com\/api\/wp\/v2\/tags?post=729"}],"curies":[{"name":"wp","href":"https:\/\/api.w.org\/{rel}","templated":true}]}}