{"id":726,"date":"2019-02-12T18:38:22","date_gmt":"2019-02-12T18:38:22","guid":{"rendered":"https:\/\/senzor.ba\/?p=726"},"modified":"2024-01-15T21:50:10","modified_gmt":"2024-01-15T20:50:10","slug":"josipovic-u-sarajevu-historiju-ne-mogu-promijeniti-nikakve-komisije","status":"publish","type":"post","link":"https:\/\/tvsensor.com\/clanak\/josipovic-u-sarajevu-historiju-ne-mogu-promijeniti-nikakve-komisije\/","title":{"rendered":"Josipovi\u0107 u Sarajevu: Historiju ne mogu promijeniti nikakve komisije"},"content":{"rendered":"\n<p>Ivo Josipovi\u0107, biv\u0161i predsjednik Republike Hrvatske i univerzitetski profesor krivi\u010dnog prava danas je u Sarajevu odr\u017eao javno predavanje o temi \u201cKaznena odgovornost za ratne zlo\u010dine\u201c.<\/p>\n\n\n\n<p>Na Fakultetu za kriminalistiku, kriminologiju i sigurnosne studije Univerziteta u Sarajevu, Josipovi\u0107 je istakao da je o temi ka\u017enjavanja ratnih zlo\u010dina veoma va\u017eno govoriti jer svaki ka\u017enjeni ratni zlo\u010dinac zna\u010di napredak za \u010dovje\u010danstvo..<\/p>\n\n\n\n<p>\u201cO ovoj temi je iznimno va\u017eno govoriti jer moramo nastojati da se povijesna tendencija odmaka kulture neka\u017enjivosti, prema onoj kulturi koja tra\u017ei, o\u010dekuje da svaki ratni zlo\u010dinac bude ka\u017enjen, zna\u010di, zapravo, napredak \u010dovje\u010danstva i bolji \u017eivot za budu\u0107e generacije. Govorit \u0107u o tome \u0161to se i kako doga\u0111alo kroz povijest, govorit \u0107u o pravnim aspektima jer je to, naravno, ne samo politi\u010dka, ne samo povijesna, nego, prije svega, pravna tema\u201c, kazao je Josipovi\u0107.<\/p>\n\n\n\n<p>Biv\u0161i hrvatski predsjednik naglasio je da historiju ne mogu promijeniti nikakve komisije.<\/p>\n\n\n\n<p>&#8220;Postoje presude, koje su takve kakve jesu i koje treba po\u0161tovati. Ne mislim da je jako mudro negirati ono \u0161to je utvr\u0111eno presudama i o \u010demu postoje povijesni dokumenti. Mislim da se na taj na\u010din povijest ne\u0107e promijeniti, da se samo mo\u017ee pokvarit budu\u0107nost&#8221;, smatra Josipovi\u0107.<\/p>\n","protected":false},"excerpt":{"rendered":"<p>Ivo Josipovi\u0107, biv\u0161i predsjednik Republike Hrvatske i univerzitetski profesor krivi\u010dnog prava danas je u Sarajevu odr\u017eao javno predavanje o temi \u201cKaznena odgovornost za ratne zlo\u010dine\u201c. Na Fakultetu za kriminalistiku, kriminologiju i sigurnosne studije Univerziteta u Sarajevu, Josipovi\u0107 je istakao da je o temi ka\u017enjavanja ratnih zlo\u010dina veoma va\u017eno govoriti jer svaki ka\u017enjeni ratni zlo\u010dinac zna\u010di [&hellip;]<\/p>\n","protected":false},"author":59,"featured_media":727,"comment_status":"open","ping_status":"closed","sticky":false,"template":"","format":"standard","meta":{"inline_featured_image":false,"footnotes":""},"categories":[40,37,38],"tags":[],"class_list":{"0":"post-726","1":"post","2":"type-post","3":"status-publish","4":"format-standard","5":"has-post-thumbnail","7":"category-region","8":"category-vijesti","9":"category-vijesti-iz-bih"},"acf":[],"_links":{"self":[{"href":"https:\/\/tvsensor.com\/api\/wp\/v2\/posts\/726","targetHints":{"allow":["GET"]}}],"collection":[{"href":"https:\/\/tvsensor.com\/api\/wp\/v2\/posts"}],"about":[{"href":"https:\/\/tvsensor.com\/api\/wp\/v2\/types\/post"}],"author":[{"embeddable":true,"href":"https:\/\/tvsensor.com\/api\/wp\/v2\/users\/59"}],"replies":[{"embeddable":true,"href":"https:\/\/tvsensor.com\/api\/wp\/v2\/comments?post=726"}],"version-history":[{"count":1,"href":"https:\/\/tvsensor.com\/api\/wp\/v2\/posts\/726\/revisions"}],"predecessor-version":[{"id":728,"href":"https:\/\/tvsensor.com\/api\/wp\/v2\/posts\/726\/revisions\/728"}],"wp:featuredmedia":[{"embeddable":true,"href":"https:\/\/tvsensor.com\/api\/wp\/v2\/media\/727"}],"wp:attachment":[{"href":"https:\/\/tvsensor.com\/api\/wp\/v2\/media?parent=726"}],"wp:term":[{"taxonomy":"category","embeddable":true,"href":"https:\/\/tvsensor.com\/api\/wp\/v2\/categories?post=726"},{"taxonomy":"post_tag","embeddable":true,"href":"https:\/\/tvsensor.com\/api\/wp\/v2\/tags?post=726"}],"curies":[{"name":"wp","href":"https:\/\/api.w.org\/{rel}","templated":true}]}}