{"id":723,"date":"2019-02-12T18:36:28","date_gmt":"2019-02-12T18:36:28","guid":{"rendered":"https:\/\/senzor.ba\/?p=723"},"modified":"2024-01-15T21:50:10","modified_gmt":"2024-01-15T20:50:10","slug":"podrska-tika-e-svecano-otvorene-tri-obnovljene-prostorije-arhiva-bih","status":"publish","type":"post","link":"https:\/\/tvsensor.com\/clanak\/podrska-tika-e-svecano-otvorene-tri-obnovljene-prostorije-arhiva-bih\/","title":{"rendered":"Podr\u0161ka TIKA-e: Sve\u010dano otvorene tri obnovljene prostorije Arhiva BiH"},"content":{"rendered":"\n<p>U Sarajevu su danas sve\u010dano otvorene i pu\u0161tene u funkciju tri obnovljene prostorije Arhiva Bosne i Hercegovine, a za \u010diju je rekonstrukciju sredstva izdvojila turska Agencija za saradnju i koordinaciju (TIKA), javlja Anadolu Agency (AA).<\/p>\n\n\n\n<p>Delegacija Republike Turske na \u010delu s ambasadorom u BiH Haldunom Koc, u \u010dijoj pratnji su bili koordinator TIKA-e za BiH Omer Faruk Alimci i Vojni ata\u0161e Republike Turske u Sarajevu brigadir Gulhan Yilmaz. Turska delegacija sastala se s direktorom Arhiva BiH Sa\u0161om Klepi\u0107em.&nbsp;<br><\/p>\n\n\n\n<p>Klepi\u0107 je na konferenciji za novinare nakon sastanka istakao kako je danas sve\u010dani trenutak za institucije na \u010dijem je \u010delu, obzirom da je krajem pro\u0161le godine u saradnji s TIKA-om obavljene prostorije u kojima se \u010duva arhivska gra\u0111a.&nbsp;<br><\/p>\n\n\n\n<p>&#8220;Mogu re\u0107i da je to bila inicijalna kapsula i nama podstrek da nastavimo s rekonstrukcijom tih prostorija. S ponosom mogu kazati da smo uz ove tri prostorije nastavili s procesom rekonstrukcije i sada je u toku obnova dodatne \u010detiri prostorije u kojima se tako\u0111er \u010duva arhivska gra\u0111a&#8221;, kazao je Klepi\u0107, te dodao:&nbsp;<br><\/p>\n\n\n\n<p>&#8220;Ovo je zaista sve\u010dani trenutak za Arhiv BiH iz razloga \u0161to evo nakon 70 godina kona\u010dno imamo prostorije koje su rekonstruisane, prostorije koje prili\u010de ovakvoj instituciji. Ne\u0107emo stati na ovome.&#8221;&nbsp;<br><\/p>\n\n\n\n<p>TIKA je ovim projektom obnovila tri najkriti\u010dnije prostorije u kojima se \u010duvala arhivska gra\u0111a. Klepi\u0107 isti\u010de da su to bile tri potpuno devastirane prostorije, a obzirom da nije bilo drugog izbora, u njima se \u010duvala arhivska gra\u0111a. Obnovom su prostorije ure\u0111ene tako da je gra\u0111a u njima sigurna za period narednih 100 godina.&nbsp;<br><\/p>\n\n\n\n<p>&#8220;S ovim projektom obnovljeno je 60 posto prostorija, ostalo nam je vrlo malo i optimista sam da \u0107emo u narednih 12 do 15 mjeseci obnoviti sve prostorije, ali isto tako i rije\u0161iti sporna pitanja oko \u010duvanja arhivske gra\u0111e za narednih 100 godina&#8221;, poru\u010dio je Klepi\u0107.&nbsp;<br><\/p>\n\n\n\n<p>Ambasador Republike Turske Haldun Koc je istakao kako arhivi dviju zemalja imaju vrlo blisku saradnju, u skladu s odnosima koje imaju BiH i Turska.&nbsp;<br><\/p>\n\n\n\n<p>&#8220;Kao rezultat ovih bliskih veza realizovano je mnogo projekata. Pa\u017enja koja se posve\u0107uje arhivima i samo \u010duvanje arhivske gra\u0111e, historijskih dokumenata, jedan je od pokazatelj i pridavanja zna\u010daja jedne zemlje njenoj historiji. Danas imamo priliku vidjeti dio prostorija koje je obnovila TIKA&#8221;, rekao je Koc.&nbsp;<br><\/p>\n\n\n\n<p>Istakao je kako ovaj, ali i niz drugih projekata koje je TIKA realizirala u Bosni i Hercegovini predstavlja konkretan primjer dobrih i prijateljskih odnosa Turske i BiH.&nbsp;<br><\/p>\n\n\n\n<p>Koordinator TIKA-e za BiH Omer Faruk Alimci istakao je da je TIKA, kao produ\u017eena ruka prijateljske Republike Turske prema prijateljskoj BiH, za 23 godine djelovanja u ovoj zemlji realizovala oko 850 projekata u obrazovanju, zdravstu, kulturi, poljoprivredi i drugim oblastima.&nbsp;<br><\/p>\n\n\n\n<p>&#8220;Mi na\u0161e projekte realizujemo u skladu s prioritetima i potrebama dr\u017eave BiH i njenih naroda. Arhiv BiH je jedna zna\u010dajna institucija u kojoj se \u010duvaju dokumenti, \u010dak iz osmanskog perioda. TIKA je bila uz Arhiv BiH i pru\u017eila podr\u0161ku pri obnovi prostorija nakon \u0161to su zahva\u0107eni po\u017earom 2014. godine. Nastavili smo na\u0161u saradnju kroz obnovu prostorija u kojima se \u010duva arhivska gra\u0111a. Iskreno \u017eelim da se arhivska gra\u0111a \u010duva jo\u0161 dugo godina bez problema, u pravim uslovima i da bude od koristi svim istra\u017eiva\u010dima&#8221;, poru\u010dio je Alimci.&nbsp;<br><\/p>\n\n\n\n<p>TIKA je u vi\u0161e projekata za obnovu Arhiva BiH do danas osigurala finansijska sredstva u vrijednosti od oko 200.000 eura.<br><\/p>\n","protected":false},"excerpt":{"rendered":"<p>U Sarajevu su danas sve\u010dano otvorene i pu\u0161tene u funkciju tri obnovljene prostorije Arhiva Bosne i Hercegovine, a za \u010diju je rekonstrukciju sredstva izdvojila turska Agencija za saradnju i koordinaciju (TIKA), javlja Anadolu Agency (AA). Delegacija Republike Turske na \u010delu s ambasadorom u BiH Haldunom Koc, u \u010dijoj pratnji su bili koordinator TIKA-e za BiH [&hellip;]<\/p>\n","protected":false},"author":59,"featured_media":724,"comment_status":"open","ping_status":"closed","sticky":false,"template":"","format":"standard","meta":{"inline_featured_image":false,"footnotes":""},"categories":[37,38],"tags":[],"class_list":{"0":"post-723","1":"post","2":"type-post","3":"status-publish","4":"format-standard","5":"has-post-thumbnail","7":"category-vijesti","8":"category-vijesti-iz-bih"},"acf":[],"_links":{"self":[{"href":"https:\/\/tvsensor.com\/api\/wp\/v2\/posts\/723","targetHints":{"allow":["GET"]}}],"collection":[{"href":"https:\/\/tvsensor.com\/api\/wp\/v2\/posts"}],"about":[{"href":"https:\/\/tvsensor.com\/api\/wp\/v2\/types\/post"}],"author":[{"embeddable":true,"href":"https:\/\/tvsensor.com\/api\/wp\/v2\/users\/59"}],"replies":[{"embeddable":true,"href":"https:\/\/tvsensor.com\/api\/wp\/v2\/comments?post=723"}],"version-history":[{"count":1,"href":"https:\/\/tvsensor.com\/api\/wp\/v2\/posts\/723\/revisions"}],"predecessor-version":[{"id":725,"href":"https:\/\/tvsensor.com\/api\/wp\/v2\/posts\/723\/revisions\/725"}],"wp:featuredmedia":[{"embeddable":true,"href":"https:\/\/tvsensor.com\/api\/wp\/v2\/media\/724"}],"wp:attachment":[{"href":"https:\/\/tvsensor.com\/api\/wp\/v2\/media?parent=723"}],"wp:term":[{"taxonomy":"category","embeddable":true,"href":"https:\/\/tvsensor.com\/api\/wp\/v2\/categories?post=723"},{"taxonomy":"post_tag","embeddable":true,"href":"https:\/\/tvsensor.com\/api\/wp\/v2\/tags?post=723"}],"curies":[{"name":"wp","href":"https:\/\/api.w.org\/{rel}","templated":true}]}}