{"id":720,"date":"2019-02-12T18:31:00","date_gmt":"2019-02-12T18:31:00","guid":{"rendered":"https:\/\/senzor.ba\/?p=720"},"modified":"2024-01-15T21:50:10","modified_gmt":"2024-01-15T20:50:10","slug":"iz-amerike-na-studij-medicine-u-sarajevo","status":"publish","type":"post","link":"https:\/\/tvsensor.com\/clanak\/iz-amerike-na-studij-medicine-u-sarajevo\/","title":{"rendered":"Iz Amerike na studij medicine u Sarajevo"},"content":{"rendered":"\n<p>U vrijeme kada mladi ljudi napu\u0161taju Bosnu i Hercegovinu i odlaze na studije u zemlje Evropske unije, kada vlada jedna op\u0107a pri\u010da da ovdje nema budu\u0107nosti, portal tvsensor.com bilje\u017ei jedan potpuno druga\u010diji slu\u010daj. <\/p>\n\n\n\n<p>Junak na\u0161e pri\u010de nije ro\u0111en u Bosni i Hercegovini. Ro\u0111en je i odrastao u SAD-u, ta\u010dnije u Los Angelesu. Njegovi roditelji \u017eive u Americi pa je i on, po mjestu ro\u0111enja Amerikanac. Me\u0111utim, \u017eelja za domovinom dovela ga je na studije u Bosnu i Hercegovinu. Njegovo ime je Adem \u0106emerli\u0107. <\/p>\n\n\n\n<p>Nakon zavr\u0161ene srednje \u0161kole u Americi, uspje\u0161no je poha\u0111ao i koled\u017e na kojem je zavr\u0161io Me\u0111unarodne odnose i Arapski jezik. Iako mu se pru\u017eila prilika da studira medicinu u Americi, Adem je odlu\u010dio da zemlja u kojoj \u0107e nastaviti svoje usavr\u0161avanje bude Bosna i Hercegovina. <\/p>\n\n\n\n<p>Kako i sam isti\u010de, mnogi su ostali u \u010dudu kada je rekao da \u0107e studij nastaviti u Sarajevu. Ali, Adem ka\u017ee da je tu odluku donio prvenstveno iz patriotskih razloga i nada se da \u0107e upravo taj korak biti njegov doprinos Bosni i Hercegovini.<\/p>\n\n\n\n<p>&#8220;Jako sam vezan za Bosnu i Hercegovinu. Roditelji su me slali tokom svakog godi\u0161njeg odmora ovdje. Iako sam ja ro\u0111en u Americi, ja sebe smatram Bosancem i Bo\u0161njakom. Samim dolascima ovdje imao sam priliku da upoznam svoju naciju i svoje korijene&#8221;, pri\u010da Adem. <\/p>\n\n\n\n<p><\/p>\n","protected":false},"excerpt":{"rendered":"<p>U vrijeme kada mladi ljudi napu\u0161taju Bosnu i Hercegovinu i odlaze na studije u zemlje Evropske unije, kada vlada jedna op\u0107a pri\u010da da ovdje nema budu\u0107nosti, portal tvsensor.com bilje\u017ei jedan potpuno druga\u010diji slu\u010daj. Junak na\u0161e pri\u010de nije ro\u0111en u Bosni i Hercegovini. Ro\u0111en je i odrastao u SAD-u, ta\u010dnije u Los Angelesu. Njegovi roditelji \u017eive [&hellip;]<\/p>\n","protected":false},"author":59,"featured_media":721,"comment_status":"open","ping_status":"closed","sticky":false,"template":"","format":"standard","meta":{"inline_featured_image":false,"footnotes":""},"categories":[69],"tags":[],"class_list":{"0":"post-720","1":"post","2":"type-post","3":"status-publish","4":"format-standard","5":"has-post-thumbnail","7":"category-ponos-bih"},"acf":[],"_links":{"self":[{"href":"https:\/\/tvsensor.com\/api\/wp\/v2\/posts\/720","targetHints":{"allow":["GET"]}}],"collection":[{"href":"https:\/\/tvsensor.com\/api\/wp\/v2\/posts"}],"about":[{"href":"https:\/\/tvsensor.com\/api\/wp\/v2\/types\/post"}],"author":[{"embeddable":true,"href":"https:\/\/tvsensor.com\/api\/wp\/v2\/users\/59"}],"replies":[{"embeddable":true,"href":"https:\/\/tvsensor.com\/api\/wp\/v2\/comments?post=720"}],"version-history":[{"count":2,"href":"https:\/\/tvsensor.com\/api\/wp\/v2\/posts\/720\/revisions"}],"predecessor-version":[{"id":762,"href":"https:\/\/tvsensor.com\/api\/wp\/v2\/posts\/720\/revisions\/762"}],"wp:featuredmedia":[{"embeddable":true,"href":"https:\/\/tvsensor.com\/api\/wp\/v2\/media\/721"}],"wp:attachment":[{"href":"https:\/\/tvsensor.com\/api\/wp\/v2\/media?parent=720"}],"wp:term":[{"taxonomy":"category","embeddable":true,"href":"https:\/\/tvsensor.com\/api\/wp\/v2\/categories?post=720"},{"taxonomy":"post_tag","embeddable":true,"href":"https:\/\/tvsensor.com\/api\/wp\/v2\/tags?post=720"}],"curies":[{"name":"wp","href":"https:\/\/api.w.org\/{rel}","templated":true}]}}