{"id":699,"date":"2019-02-12T08:56:04","date_gmt":"2019-02-12T08:56:04","guid":{"rendered":"https:\/\/senzor.ba\/?p=699"},"modified":"2024-01-15T21:50:11","modified_gmt":"2024-01-15T20:50:11","slug":"banjaluckom-muradijom-bosnjaci-pokazuju-da-vjeruju-u-suzivot","status":"publish","type":"post","link":"https:\/\/tvsensor.com\/clanak\/banjaluckom-muradijom-bosnjaci-pokazuju-da-vjeruju-u-suzivot\/","title":{"rendered":"&#8216;Banjalu\u010dkom muradijom&#8217; Bo\u0161njaci pokazuju da vjeruju u su\u017eivot"},"content":{"rendered":"\n<p>Duhovna manifestacija \u201cBanjalu\u010dka muradija\u201c bit \u0107e odr\u017eana 7. marta u Ferhadiji d\u017eamiji u povodu Lejletul-regaiba.<\/p>\n\n\n\n<p>Muftija banjalu\u010dki Nusret ef. Abdibegovi\u0107 ka\u017ee da se o\u010dekuje da \u0107e to biti prepoznatljiv vjerski doga\u0111aj \u0160ehera na Vrbasu.<\/p>\n\n\n\n<p>&#8211; Za ovu priliku nije potrebno nabrajati patnje i isku\u0161enja kroz koja su pro\u0161li Banjalu\u010dani, no, svakako treba naglasiti da \u0107e posjete i zijareti vjernika tu no\u0107 pokazati da Bo\u0161njaci vole i vjeruju u su\u017eivot u ovom gradu &#8211; kazao je muftija Abdibegovi\u0107, objavljeno je na internet stranici Banjalu\u010dkog muftijstva.<\/p>\n\n\n\n<p>Prva no\u0107 u nizu nastupaju\u0107ih mubarek no\u0107i je no\u0107 Regaib, poznata kao no\u0107 \u017eelja i \u010de\u017enji, odnosno no\u0107 kada se iskazuje \u017eelja kroz dovu, upu\u0107uje i u dovi moli Gospodar za njeno ispunjenje.<\/p>\n\n\n\n<p>&#8211; Na\u0161a \u017eelja je da \u201eBanjalu\u010dkom muradijom\u201c u tom gradu otpo\u010dne obilje\u017eavanje mubarek no\u0107i, Mirad\u017ea, Berata, Bedra, Kadra, te da se nastave tradicionalni vjerski skupovi Bo\u0161njaka, Dani mevluda i zikra, Ajvatovica, Dobre vode, Musala, Srebrenica, Lastavica, Kari\u0107i, \u017div\u010di\u0107i, Kajimini dani \u2013 naveo je muftija banjalu\u010dki.<\/p>\n\n\n\n<p>U vjerskoj praksi i bosanskoj tradiciji dova, kojom se \u017eeli ostvariti uskra\u0107eno ili ubla\u017eiti zadobiveno isku\u0161enje, naziva se dova na murad.<\/p>\n","protected":false},"excerpt":{"rendered":"<p>Duhovna manifestacija \u201cBanjalu\u010dka muradija\u201c bit \u0107e odr\u017eana 7. marta u Ferhadiji d\u017eamiji u povodu Lejletul-regaiba. Muftija banjalu\u010dki Nusret ef. Abdibegovi\u0107 ka\u017ee da se o\u010dekuje da \u0107e to biti prepoznatljiv vjerski doga\u0111aj \u0160ehera na Vrbasu. &#8211; Za ovu priliku nije potrebno nabrajati patnje i isku\u0161enja kroz koja su pro\u0161li Banjalu\u010dani, no, svakako treba naglasiti da \u0107e [&hellip;]<\/p>\n","protected":false},"author":59,"featured_media":700,"comment_status":"open","ping_status":"closed","sticky":false,"template":"","format":"standard","meta":{"inline_featured_image":false,"footnotes":""},"categories":[58,57,60],"tags":[],"class_list":{"0":"post-699","1":"post","2":"type-post","3":"status-publish","4":"format-standard","5":"has-post-thumbnail","7":"category-muzika-magazin","8":"category-religija","9":"category-smiraj-duse"},"acf":[],"_links":{"self":[{"href":"https:\/\/tvsensor.com\/api\/wp\/v2\/posts\/699","targetHints":{"allow":["GET"]}}],"collection":[{"href":"https:\/\/tvsensor.com\/api\/wp\/v2\/posts"}],"about":[{"href":"https:\/\/tvsensor.com\/api\/wp\/v2\/types\/post"}],"author":[{"embeddable":true,"href":"https:\/\/tvsensor.com\/api\/wp\/v2\/users\/59"}],"replies":[{"embeddable":true,"href":"https:\/\/tvsensor.com\/api\/wp\/v2\/comments?post=699"}],"version-history":[{"count":1,"href":"https:\/\/tvsensor.com\/api\/wp\/v2\/posts\/699\/revisions"}],"predecessor-version":[{"id":701,"href":"https:\/\/tvsensor.com\/api\/wp\/v2\/posts\/699\/revisions\/701"}],"wp:featuredmedia":[{"embeddable":true,"href":"https:\/\/tvsensor.com\/api\/wp\/v2\/media\/700"}],"wp:attachment":[{"href":"https:\/\/tvsensor.com\/api\/wp\/v2\/media?parent=699"}],"wp:term":[{"taxonomy":"category","embeddable":true,"href":"https:\/\/tvsensor.com\/api\/wp\/v2\/categories?post=699"},{"taxonomy":"post_tag","embeddable":true,"href":"https:\/\/tvsensor.com\/api\/wp\/v2\/tags?post=699"}],"curies":[{"name":"wp","href":"https:\/\/api.w.org\/{rel}","templated":true}]}}