{"id":684,"date":"2019-02-11T18:07:52","date_gmt":"2019-02-11T18:07:52","guid":{"rendered":"https:\/\/senzor.ba\/?p=684"},"modified":"2024-01-15T21:50:11","modified_gmt":"2024-01-15T20:50:11","slug":"posjeta-predsjednika-svjetskog-saveza-dijaspore-ambasadi-bih-u-oslu","status":"publish","type":"post","link":"https:\/\/tvsensor.com\/clanak\/posjeta-predsjednika-svjetskog-saveza-dijaspore-ambasadi-bih-u-oslu\/","title":{"rendered":"Posjeta predsjednika Svjetskog saveza dijaspore ambasadi BiH u Oslu"},"content":{"rendered":"\n<p>U okviru organizacije Svjetskog prvenstva dijaspore Bosne i Hercegovine u futsalu, koje se ove godine odr\u017eava u Norve\u0161koj, ambasador BiH u toj zemlji Nedim Makarevi\u0107 primio je predsjednika Svjetskog saveza dijaspore BiH Hasana \u0160ehovi\u0107a.<\/p>\n\n\n\n<p>Ispred organizatora, Saveza udru\u017eenja gra\u0111ana BiH u Norve\u0161koj, sastanku je prisustvovao Miralem Be\u0107irovi\u0107, ujedno i rukovodilac Radne grupe za organizaciju prvenstva.<br><br>Pored razgovora o organizaciji prvenstva, susret je bio prilika da se razmjene iskustva i razmi\u0161ljanja o svakodnevnim potrebama i aktivnostima bh. gra\u0111ana u iseljeni\u0161tvu.<br><br>Ambasador Makarevi\u0107 je naglasio da je ovo odli\u010dan primjer koordiniranog rada na\u0161e dijaspore sa institucijama BiH te izrazio nadu da \u0107e se ovakve i sli\u010dne manifestacije de\u0161avati \u0161to \u010de\u0161\u0107e te ustvrdio da na\u0161i iseljenici trebaju \u0161to ja\u010de veze sa maticom.<br><br>Svjetsko prvenstvo dijaspore Bosne i Hercegovine u futsalu odr\u017eat \u0107e se u maju ove godine u Oslu.<br><br><\/p>\n","protected":false},"excerpt":{"rendered":"<p>U okviru organizacije Svjetskog prvenstva dijaspore Bosne i Hercegovine u futsalu, koje se ove godine odr\u017eava u Norve\u0161koj, ambasador BiH u toj zemlji Nedim Makarevi\u0107 primio je predsjednika Svjetskog saveza dijaspore BiH Hasana \u0160ehovi\u0107a. Ispred organizatora, Saveza udru\u017eenja gra\u0111ana BiH u Norve\u0161koj, sastanku je prisustvovao Miralem Be\u0107irovi\u0107, ujedno i rukovodilac Radne grupe za organizaciju prvenstva. [&hellip;]<\/p>\n","protected":false},"author":59,"featured_media":685,"comment_status":"open","ping_status":"closed","sticky":false,"template":"","format":"standard","meta":{"inline_featured_image":false,"footnotes":""},"categories":[39,37],"tags":[],"class_list":{"0":"post-684","1":"post","2":"type-post","3":"status-publish","4":"format-standard","5":"has-post-thumbnail","7":"category-dijaspora","8":"category-vijesti"},"acf":[],"_links":{"self":[{"href":"https:\/\/tvsensor.com\/api\/wp\/v2\/posts\/684","targetHints":{"allow":["GET"]}}],"collection":[{"href":"https:\/\/tvsensor.com\/api\/wp\/v2\/posts"}],"about":[{"href":"https:\/\/tvsensor.com\/api\/wp\/v2\/types\/post"}],"author":[{"embeddable":true,"href":"https:\/\/tvsensor.com\/api\/wp\/v2\/users\/59"}],"replies":[{"embeddable":true,"href":"https:\/\/tvsensor.com\/api\/wp\/v2\/comments?post=684"}],"version-history":[{"count":1,"href":"https:\/\/tvsensor.com\/api\/wp\/v2\/posts\/684\/revisions"}],"predecessor-version":[{"id":686,"href":"https:\/\/tvsensor.com\/api\/wp\/v2\/posts\/684\/revisions\/686"}],"wp:featuredmedia":[{"embeddable":true,"href":"https:\/\/tvsensor.com\/api\/wp\/v2\/media\/685"}],"wp:attachment":[{"href":"https:\/\/tvsensor.com\/api\/wp\/v2\/media?parent=684"}],"wp:term":[{"taxonomy":"category","embeddable":true,"href":"https:\/\/tvsensor.com\/api\/wp\/v2\/categories?post=684"},{"taxonomy":"post_tag","embeddable":true,"href":"https:\/\/tvsensor.com\/api\/wp\/v2\/tags?post=684"}],"curies":[{"name":"wp","href":"https:\/\/api.w.org\/{rel}","templated":true}]}}