{"id":660,"date":"2019-02-11T09:41:32","date_gmt":"2019-02-11T09:41:32","guid":{"rendered":"https:\/\/senzor.ba\/?p=660"},"modified":"2024-01-15T21:50:13","modified_gmt":"2024-01-15T20:50:13","slug":"bosanski-i-americki-ucenici-zajedno-na-nastavi-kroz-stem-program","status":"publish","type":"post","link":"https:\/\/tvsensor.com\/clanak\/bosanski-i-americki-ucenici-zajedno-na-nastavi-kroz-stem-program\/","title":{"rendered":"Bosanski i ameri\u010dki u\u010denici zajedno na nastavi kroz STEM program"},"content":{"rendered":"\n<p>Mjesto Belfry u ameri\u010dkoj saveznoj dr\u017eavi Kentucky na jedan poseban na\u010din povezano je sa Bosnom i Hercegovinom.<\/p>\n\n\n\n<p>U\u010denici osnovne \u0161kole u Belfryju zajedno sa u\u010denicima Osnovne \u0161kole Kiseljak iz Tuzle uskoro \u0107e zajedno biti na nastavi.<\/p>\n\n\n\n<p>Inicijativa je po\u010dela od nastavnika matematike i informatike u Osnovnoj \u0161koli Kiseljak Edima Hajdarbegovi\u0107a. Djeca iz dvije \u0161kole bit \u0107e uklju\u010dena u STEM program (Science, technology, engineering, and mathematics). STEM program objedinjuje matematiku, biologiju, hemiju, tehni\u010dke nauke u jedan program.<\/p>\n\n\n\n<h3 class=\"wp-block-heading\"><strong>Entuzijazam nastavnika<\/strong><\/h3>\n\n\n\n<p>Kako je za&nbsp;<em><strong>Radiosarajevo.ba<\/strong><\/em>&nbsp;ispri\u010dao&nbsp;<strong>Edim Hajdarbegovi\u0107<\/strong>, on je, po zavr\u0161enom Prirodno-matemati\u010dkom fakultetu (PMF) u Sarajevu 15 godina proveo rade\u0107i za vojsku SAD-a.<\/p>\n\n\n\n<p><strong><a href=\"https:\/\/www.radiosarajevo.ba\/metromahala\/teme\/projekt-organizacije-save-the-children-gimnazija-mostar-dobila-stem-laboratoriju\/321901\" target=\"_blank\" rel=\"noopener\">Projekt organizacije Save the Children: Gimnazija Mostar dobila STEM laboratoriju<\/a><\/strong><\/p>\n\n\n\n<blockquote class=\"wp-block-quote is-layout-flow wp-block-quote-is-layout-flow\"><p>\u201cPo napu\u0161tanju ameri\u010dke vojske, oti\u0161ao sam u prosvjetu. Stvari u bh. prosvjeti nisu dobre i radi se po starim planovima. Ljudi jedva \u010dekaju da zazvoni zvono i da tr\u010de ku\u0107i. Meni govore da ih ni\u0161ta ne zanima i ne\u0107e da rade za ono za \u0161to nisu pla\u0107eni.&nbsp;<strong>Slabo ko se trudi da u svom poslu omogu\u0107i djeci da imaju neku korist, da navedu djecu da zavole \u0161kolu.<\/strong>Zbog toga sam po\u010deo raditi projekte, mimo nastavnog plana i programa\u201d, pri\u010da Hajdarbegovi\u0107.<\/p><\/blockquote>\n\n\n\n<p>\u017dele\u0107i djeci u\u010diniti nastavu zanimljivom, Hajdarbegovi\u0107 se odlu\u010dio na posebnu projektnu nastavu gdje mu je najve\u0107u podr\u0161ku pru\u017eio savjetnik iz Pedago\u0161kog zavoda Tuzlaskog kantona Hariz Agi\u0107, ali i direktorica Osnovne \u0161kole Kiseljak, koja mu je dopustila da realizira inicijativu.<\/p>\n\n\n\n<p>Osnovnu \u0161kolu Kiseljak kod Tuzle poha\u0111a veliki broj romske djece koja su slabog imovinskog stanja. To nije pokolebalo entuzijazam nastavnika matematike da uspije u svom cilju.&nbsp;Pokrenuo je projekat \u201cSpasimo na\u0161e bogatstvo jezera Modrac\u201d.<\/p>\n\n\n\n<p>\u201cMjesto Kiseljak ima problema sa zaga\u0111enjem i otpadnim vodama iz Tuzle, \u017divinica i Banovi\u0107a. Zajedno sa mojim u\u010denicima napravio sam sve me\u0111upredmetne radove, a uveli smo biologiju, hemiju, matematiku i geografiju. \u010citaju\u0107i po internetu i samoedukuju\u0107i se shvatio sam da se to u svijetu zove STEM program\u201d, ka\u017ee Hajdarbegovi\u0107.<\/p>\n\n\n\n<h3 class=\"wp-block-heading\"><strong>Ameri\u010dka pomo\u0107<\/strong><\/h3>\n\n\n\n<p>Projekat je objavio i na Facebooku da bi mu se javio njegov prijatelj Don Amburn koji je penzionisani ameri\u010dki pukovnik u Kentuckyju.&nbsp;<strong>Njih dvojica poznaju se od mirovnne misije ameri\u010dkih snaga u Bosni.<\/strong><\/p>\n\n\n\n<p>Hajdarbegovi\u0107 se prisje\u0107a da je Amburn spomenuo profesora fizike Haridasa Chandrana koji je \u0161ef STEM programa u Osnovnoj \u0161koli u Belfryju.<\/p>\n\n\n\n<p>\u201cPrije mjesec dana, napravili smo online konferenciju preko Skypea da se upoznamo. Chandran je uzeo iPad i proveo nas kroz timove sa kojima radi.&nbsp;<strong>Amerikancima je drago \u0161to su vidjeli da u Bosni radim ne\u0161to, ali vide da nemam uslova.<\/strong>&nbsp;Sve \u0161to sam radio, uglavnom je bilo iz mog d\u017eepa. Rekli su da \u0107e pomo\u0107i u razvoju STEM programa nastave\u201d, navodi na\u0161 sagovornik.<\/p>\n\n\n\n<figure class=\"wp-block-image\"><img decoding=\"async\" src=\"https:\/\/storage.radiosarajevo.ba\/\/image\/438715\/1180x732\/haridas-chandran-stem-ucitelj-belfry-kentucky1.jpg\" alt=\"Profesor Haridas Chandran pokazuje svoj tim u Kentuckyju - undefined\" \/><figcaption><em>Profesor Haridas Chandran pokazuje svoj tim u Kentuckyju&nbsp; &nbsp;Foto: Herald Dispatch<\/em><\/figcaption><\/figure>\n\n\n\n<p>Precizirao je da mu je cilj zapo\u010deti STEM program izvo\u0111enja nastave i \u0161to vi\u0161e ga uvoditi u redovnu nastavu.<\/p>\n\n\n\n<blockquote class=\"wp-block-quote is-layout-flow wp-block-quote-is-layout-flow\"><p>\u201cU petak smo ponovo pri\u010dali i dogovorili da mi iz SAD-a po\u0161alju opremu vrijednu 150 dolara, za testiranje vode. Mi \u0107emo biti uklju\u010deni u projekat gdje \u0107e se upore\u0111ivati podaci o zaga\u0111enju i kvaliteti vode. Istovremeno, sa dekanom PMF-a u Tuzli i profesorima dogovaram da osnujemo STEM centar Tuzla gdje bi bile uvezane osnovne i srednje \u0161kole te fakultet\u201d, objasnio je Hajdarbegovi\u0107.<\/p><\/blockquote>\n\n\n\n<p>Zahvaljuju\u0107i inicijativi Edima Hajdarbegovi\u0107a i njegovog ameri\u010dkog kolege Dona Amburna, dvije \u0161kole iz ruralnih podru\u010dja iz dva razli\u010dita dijela svijeta bit \u0107e uvezane u zajedni\u010dku nastavu a u\u010denici \u0107e bolje mo\u0107i razumjeti razli\u010dite kulture ali i svijet koji ih okru\u017euje.<\/p>\n\n\n\n<p>Radiosarajevo<\/p>\n","protected":false},"excerpt":{"rendered":"<p>Mjesto Belfry u ameri\u010dkoj saveznoj dr\u017eavi Kentucky na jedan poseban na\u010din povezano je sa Bosnom i Hercegovinom. U\u010denici osnovne \u0161kole u Belfryju zajedno sa u\u010denicima Osnovne \u0161kole Kiseljak iz Tuzle uskoro \u0107e zajedno biti na nastavi. Inicijativa je po\u010dela od nastavnika matematike i informatike u Osnovnoj \u0161koli Kiseljak Edima Hajdarbegovi\u0107a. Djeca iz dvije \u0161kole bit [&hellip;]<\/p>\n","protected":false},"author":59,"featured_media":661,"comment_status":"open","ping_status":"closed","sticky":false,"template":"","format":"standard","meta":{"inline_featured_image":false,"footnotes":""},"categories":[46,52],"tags":[],"class_list":{"0":"post-660","1":"post","2":"type-post","3":"status-publish","4":"format-standard","5":"has-post-thumbnail","7":"category-kultura","8":"category-obrazovanje"},"acf":[],"_links":{"self":[{"href":"https:\/\/tvsensor.com\/api\/wp\/v2\/posts\/660","targetHints":{"allow":["GET"]}}],"collection":[{"href":"https:\/\/tvsensor.com\/api\/wp\/v2\/posts"}],"about":[{"href":"https:\/\/tvsensor.com\/api\/wp\/v2\/types\/post"}],"author":[{"embeddable":true,"href":"https:\/\/tvsensor.com\/api\/wp\/v2\/users\/59"}],"replies":[{"embeddable":true,"href":"https:\/\/tvsensor.com\/api\/wp\/v2\/comments?post=660"}],"version-history":[{"count":4,"href":"https:\/\/tvsensor.com\/api\/wp\/v2\/posts\/660\/revisions"}],"predecessor-version":[{"id":35754,"href":"https:\/\/tvsensor.com\/api\/wp\/v2\/posts\/660\/revisions\/35754"}],"wp:featuredmedia":[{"embeddable":true,"href":"https:\/\/tvsensor.com\/api\/wp\/v2\/media\/661"}],"wp:attachment":[{"href":"https:\/\/tvsensor.com\/api\/wp\/v2\/media?parent=660"}],"wp:term":[{"taxonomy":"category","embeddable":true,"href":"https:\/\/tvsensor.com\/api\/wp\/v2\/categories?post=660"},{"taxonomy":"post_tag","embeddable":true,"href":"https:\/\/tvsensor.com\/api\/wp\/v2\/tags?post=660"}],"curies":[{"name":"wp","href":"https:\/\/api.w.org\/{rel}","templated":true}]}}