{"id":6599,"date":"2019-04-11T09:39:19","date_gmt":"2019-04-11T09:39:19","guid":{"rendered":"https:\/\/senzor.ba\/?p=6599"},"modified":"2024-01-15T21:49:00","modified_gmt":"2024-01-15T20:49:00","slug":"dok-u-rs-u-spremaju-nove-lazi-istina-o-srebrenici-u-ny-kako-su-ubijani-turci","status":"publish","type":"post","link":"https:\/\/tvsensor.com\/clanak\/dok-u-rs-u-spremaju-nove-lazi-istina-o-srebrenici-u-ny-kako-su-ubijani-turci\/","title":{"rendered":"Dok u RS-u spremaju nove la\u017ei, istina o Srebrenici u NY: Kako su ubijani &#8220;Turci&#8221;"},"content":{"rendered":"<p>U vrijeme dok se u Banjoj Luci priprema sramna &#8220;me\u0111unarodna nau\u010dna konferencija&#8221;\u00a0<strong>pod nazivom\u00a0&#8220;Srebrenica, stvarnost i manipulacije&#8221;<\/strong>, u \u010dije revizionisti\u010dke namjere ne treba sumnjati imaju\u0107i u vidu poruke upu\u0107ene pred po\u010detak ovog skupa, svjetska javnost \u0107e rije\u010d emitentnih intelektualaca i \u017ertava genocida \u010duti na presti\u017enom\u00a0<em>Harriman<\/em>\u00a0institutu\u00a0<em>Univerziteta<\/em>\u00a0Columbia u New Yorku.<\/p>\n<p><strong><em>Pi\u0161e: Faruk Vele<\/em><\/strong><\/p>\n<p>Naime, 10. i 11. aprila o okvirima i tuma\u010denju ljudskih prava na Balkanu kroz prizmu Srebrenice govorit \u0107e zna\u010dajna imena.<\/p>\n<h4><strong>Centar za Holokaust<\/strong><\/h4>\n<p>Prije po\u010detka konferencije, kasno sino\u0107 po na\u0161em vremenu, uvodno izlaganje odr\u017eao je\u00a0<strong>dr. Emir Suljagi\u0107<\/strong>, dekan Univerziteta u IUS u Sarajevu i pre\u017eivjela \u017ertva genocida u Srebrenici.<\/p>\n<p>Sino\u0107 je, tako\u0111er, odr\u017eana i projekcija filma\u00a0<em>Uspomene 677<\/em>\u00a0Centra za istra\u017eivanje sukoba (PCRC), \u010diji je suosniva\u010d i predsjednica\u00a0<strong>Velma \u0160ari\u0107<\/strong><strong>. Reditelj filma je\u00a0<\/strong><strong>Mirko Pincelli<\/strong>.<\/p>\n<p>Zna\u010dajno je naglasiti da \u0107e u\u010de\u0161\u0107e na konferenciji uzeti\u00a0<strong>Laura Cohen<\/strong>\u00a0sa Kupferberg centra za Holokaust. O va\u017enim temama iz procesa suo\u010davanja s pro\u0161lo\u0161\u0107u i budu\u0107nosti govorit \u0107e danas\u00a0<strong>T<\/strong><strong>om Simpson<\/strong>\u00a0(Akademija Phillips Exeter \/ \u010cuvaj Se),\u00a0<strong>Elizabeth Hume<\/strong>,\u00a0<strong>Kate English<\/strong>,\u00a0<strong>V<\/strong><strong>elma \u0160ari\u0107<\/strong>\u00a0(PCRC),\u00a0<strong>Davorka Turk<\/strong>\u00a0(Centar za nenasilno djelovanje),\u00a0<strong>Kemal Pervani\u0107<\/strong>\u00a0(Most Mira),\u00a0<strong>Sarah Wagner<\/strong>\u00a0(Univerzitet George Washington),\u00a0<strong>Jelena Suboti\u0107\u00a0<\/strong>(Univerzitet Georgia) i drugi.<\/p>\n<p>U vodom izlaganju, Suljagi\u0107 je govorio od dru\u0161tvenoj izgradnji\u00a0<strong>i uni\u0161tenj<\/strong><strong>u<\/strong><strong>\u00a0&#8220;Turaka&#8221; u Bosni i Hercegovini 1992-<\/strong><strong>19<\/strong><strong>95<\/strong><strong>.<\/strong><\/p>\n<p><strong>&#8220;<\/strong>Imao sam 14 godina kad sam prvi put nazvan Tur\u010dinom. Koristili su taj izraz kao kletvu, psovku, uvredu&#8230; Znao sam za Turke samo na \u010dasovima historije, kao strane okupatore. Do tog trenutka, nikad nisam vidio stvarnog Tur\u010dina. Ali, poruka je bila nepogre\u0161iva:\u00a0<strong>Z<\/strong><strong>bog moje<\/strong><strong>\u00a0navodne pripadnosti Turcima,<\/strong><strong>\u00a0bio sam manje vrijedan, manje ljudski.<\/strong>\u00a0U godinama koje su uslijedile, moj identitet, na\u0161 identitet je bio rekonceptualiziran, sveden na ovaj jedini element &#8211; biti \u201cTurcima\u201d<strong>.<\/strong>\u00a0Ni\u0161ta drugo nije va\u017eno, niti ko ili \u0161to smo jo\u0161<strong>&#8220;<\/strong><strong>, kazao je Suljagi\u0107.<\/strong><strong>\u00a0<\/strong><\/p>\n<p><strong>Ova praksa bila je iznimno va\u017ena Karad\u017ei\u0107evim kolja\u010dima<\/strong>\u00a0u procesu dehumanizacije \u017ertava. Nakon pravosna\u017ene kazne vo\u0111i bosanskih Srba Suljagi\u0107 se, kako je kazao, prisjetio rije\u010di\u00a0<strong>Hannah Arendt<\/strong>\u00a0koja je kazala da \u201epostoje zlo\u010dini koje ljudi ne mogu ni kazniti ni oprostiti<strong>&#8220;<\/strong>.<\/p>\n<p>Prema njemu, do\u017eivotna presuda krvoloku s Drurmitora jeste pozitivan korak, ali da u osnovu ne zna\u010di ni\u0161ta.<\/p>\n<p><strong>&#8220;<\/strong>Karad\u017ei\u0107 je bio u sredi\u0161tu \u0161irokog nacionalisti\u010dkog pokreta koji je slijedio genocidnu strategiju uklanjanja i uni\u0161tavanja ne-Srba na podru\u010dju Bosne i Hercegovine koji je danas poznat kao Republika Srpska (RS)<strong>\u00a0&#8220;<\/strong><strong>, podsjetio je Suljagi\u0107.<\/strong><\/p>\n<p>Podsjetio je na razgovore Karad\u017ei\u0107a i srpskog\u00a0<strong>&#8220;<\/strong>oca nacije<strong>&#8220;<\/strong>\u00a0<strong>Dobrice \u0106osi\u0107a <\/strong>devedesetih. \u0106osi\u0107 je Karad\u017ei\u0107a zaista smatrao klju\u010dnom figurom dovr\u0161etka procesa ujedinjenja svih Srba, jer je proces ujedinjenja ju\u017enih Slavena, prema njemu, propao.<\/p>\n<p><strong>Vi\u0161e od 60\u00a0posto Srba koji \u017eive u Republici Srpskoj<\/strong><strong>, na\u017ealost,<\/strong><strong>\u00a0smatraju<\/strong><strong>\u00a0Karad\u017ei\u0107a\u00a0<\/strong><strong>herojem,<\/strong>\u00a0prema istra\u017eivanju javnog mnijenja koje je naru\u010dila\u00a0<em>Al Jazeera Balkans<\/em>\u00a02018. godine. U Srbiji \u010dak 50 posto stanovni\u0161tva misli da\u00a0<strong>Ratko Mladi\u0107 i Radovan Karad\u017ei\u0107<\/strong><strong>nisu odgovorni za ratne zlo\u010dine za koje se terete.<\/strong><\/p>\n<p>Podsjetio je i da su srpske snage smatrale bosanske muslimane smrtnim neprijateljima, onima koja se mora fizi\u010dki uni\u0161titi.<\/p>\n<p>Zato je motiv Turaka postao dominantan na po\u010detku agresije i rata. Prave\u0107i historijske presjeke, podsjetio je da su Bo\u0161njacima u njegovom Bratuncu poru\u010dili da se isele, ili \u0107e biti zaklani, u Br\u010dkom su u logor zatvarali\u00a0<strong>&#8220;<\/strong><strong>tursku bandu<\/strong><strong>&#8220;<\/strong><strong>\u00a0u logore, dok je Zvornik\u00a0<\/strong><strong>&#8220;<\/strong><strong>oslobo\u0111en od Turaka<\/strong><strong>&#8220;<\/strong><strong>&#8230;<\/strong><strong>\u00a0<\/strong><\/p>\n<p>Upozorio je da se u dana\u0161njem intelektualnom ozra\u010dju u kojima se muslimani smatraju &#8220;drugima&#8221;, s rastu\u0107om krajnjom desnicom u Europi i SAD-u, oni, tako\u0111er, \u017eele predstaviti civilizacijskim neprijateljima.\u00a0<strong>To proizvodi ubila\u010dku islamofobiju kao\u00a0<\/strong><strong>\u0161to smo vidjeli<\/strong><strong>tokom masakra<\/strong><strong>\u00a0u Christchurchu na Novom Zelandu.<\/strong><\/p>\n<p><strong>&#8220;<\/strong>Bilo je Karad\u017ei\u0107ev doprinos tome je nemjerljiv<strong>&#8220;<\/strong><strong>, kazao je Suljagi\u0107<\/strong><strong>, podsje\u0107aju\u0107i, tako\u0111er, da su<\/strong>\u00a0izvr\u0161itelji genocida i Bosni, tako\u0111er, imali me\u0111unarodnu dimenziju.<\/p>\n<h4><strong>Ko su novi\u00a0<\/strong><strong>&#8220;<\/strong><strong>Turci<\/strong><strong>&#8220;<\/strong><strong>?<\/strong><\/h4>\n<p>Naime, deseci, mo\u017eda na stotine dobrovoljaca iz isto\u010dne i jugoisto\u010dne Europe pridru\u017eio se Karad\u017ei\u0107evoj genocidnoj kampanji.<\/p>\n<p><strong>&#8220;<\/strong><strong>Karad\u017ei\u0107ev genocidni<\/strong>\u00a0projekt nije slu\u017eio samo za razmno\u017eavanje, nego\u00a0<strong>i za \u0161irenje ekstremisti\u010dkih i radikalnih ideja \u0161irom zapadnog svijeta.<\/strong>\u00a0Karad\u017ei\u0107 je bio avangarda ubojitih i zapaljivih mje\u0161avina ekstremisti\u010dkih ideja koje su se ustredoto\u010dile na po\u010detak 21. stolje\u0107a<strong>&#8220;<\/strong><strong>, naglasio je, uz ostalo, Suljagi\u0107.<\/strong><strong>\u00a0<\/strong><\/p>\n<p><strong>&#8220;<\/strong><strong>Karad\u017ei\u0107 je prvi zamislio svijet u kojem danas \u017eivimo.<\/strong>\u00a0Jedino treba imati na umu da se ideologije razvijaju i da\u00a0<strong>su genocidne ideologije uvijek prisutne<\/strong>&#8230;Sada je jedino pitanje ko je me\u0111u vama sljede\u0107i Tur\u010din<strong>&#8220;<\/strong><strong>, poru\u010dio je Suljagi\u0107 u New Yorku.<\/strong><\/p>\n<p>radiosarajevo.ba<\/p>\n","protected":false},"excerpt":{"rendered":"<p>U vrijeme dok se u Banjoj Luci priprema sramna &#8220;me\u0111unarodna nau\u010dna konferencija&#8221;\u00a0pod nazivom\u00a0&#8220;Srebrenica, stvarnost i manipulacije&#8221;, u \u010dije revizionisti\u010dke namjere ne treba sumnjati imaju\u0107i u vidu poruke upu\u0107ene pred po\u010detak ovog skupa, svjetska javnost \u0107e rije\u010d emitentnih intelektualaca i \u017ertava genocida \u010duti na presti\u017enom\u00a0Harriman\u00a0institutu\u00a0Univerziteta\u00a0Columbia u New Yorku. Pi\u0161e: Faruk Vele Naime, 10. i 11. aprila [&hellip;]<\/p>\n","protected":false},"author":59,"featured_media":6600,"comment_status":"open","ping_status":"closed","sticky":false,"template":"","format":"standard","meta":{"inline_featured_image":false,"footnotes":""},"categories":[39],"tags":[],"class_list":{"0":"post-6599","1":"post","2":"type-post","3":"status-publish","4":"format-standard","5":"has-post-thumbnail","7":"category-dijaspora"},"acf":[],"_links":{"self":[{"href":"https:\/\/tvsensor.com\/api\/wp\/v2\/posts\/6599","targetHints":{"allow":["GET"]}}],"collection":[{"href":"https:\/\/tvsensor.com\/api\/wp\/v2\/posts"}],"about":[{"href":"https:\/\/tvsensor.com\/api\/wp\/v2\/types\/post"}],"author":[{"embeddable":true,"href":"https:\/\/tvsensor.com\/api\/wp\/v2\/users\/59"}],"replies":[{"embeddable":true,"href":"https:\/\/tvsensor.com\/api\/wp\/v2\/comments?post=6599"}],"version-history":[{"count":2,"href":"https:\/\/tvsensor.com\/api\/wp\/v2\/posts\/6599\/revisions"}],"predecessor-version":[{"id":6602,"href":"https:\/\/tvsensor.com\/api\/wp\/v2\/posts\/6599\/revisions\/6602"}],"wp:featuredmedia":[{"embeddable":true,"href":"https:\/\/tvsensor.com\/api\/wp\/v2\/media\/6600"}],"wp:attachment":[{"href":"https:\/\/tvsensor.com\/api\/wp\/v2\/media?parent=6599"}],"wp:term":[{"taxonomy":"category","embeddable":true,"href":"https:\/\/tvsensor.com\/api\/wp\/v2\/categories?post=6599"},{"taxonomy":"post_tag","embeddable":true,"href":"https:\/\/tvsensor.com\/api\/wp\/v2\/tags?post=6599"}],"curies":[{"name":"wp","href":"https:\/\/api.w.org\/{rel}","templated":true}]}}