{"id":6530,"date":"2019-04-10T09:21:50","date_gmt":"2019-04-10T09:21:50","guid":{"rendered":"https:\/\/senzor.ba\/?p=6530"},"modified":"2024-01-15T21:49:02","modified_gmt":"2024-01-15T20:49:02","slug":"covic-i-izetbegovic-sastaju-se-danas-u-mostaru","status":"publish","type":"post","link":"https:\/\/tvsensor.com\/clanak\/covic-i-izetbegovic-sastaju-se-danas-u-mostaru\/","title":{"rendered":"\u010covi\u0107 i Izetbegovi\u0107 sastaju se danas u Mostaru"},"content":{"rendered":"<p class=\"story-lead\">Izaslanstva Hrvatske demokratske zajednice Bosne i Hercegovine (HDZ BiH) i Stranke demokratske akcije (SDA), predvo\u0111ena predsjednicima stranaka Draganom \u010covi\u0107em i Bakirom Izetbegovi\u0107em, sastat \u0107e se danas u Mostaru.<\/p>\n<p>Izetbegovi\u0107 je u izjavi za N1 kazao da u srijedu putuje u Mostar, gdje \u0107e se sastati sa \u010covi\u0107em.<\/p>\n<p>Po\u010detak sastanka planiran je 12.30 sati u Domu HDZ-a BiH, a izjave za medije u 14 sati, najavili su iz HDZ-a BiH.<\/p>\n","protected":false},"excerpt":{"rendered":"<p>Izaslanstva Hrvatske demokratske zajednice Bosne i Hercegovine (HDZ BiH) i Stranke demokratske akcije (SDA), predvo\u0111ena predsjednicima stranaka Draganom \u010covi\u0107em i Bakirom Izetbegovi\u0107em, sastat \u0107e se danas u Mostaru. Izetbegovi\u0107 je u izjavi za N1 kazao da u srijedu putuje u Mostar, gdje \u0107e se sastati sa \u010covi\u0107em. Po\u010detak sastanka planiran je 12.30 sati u Domu [&hellip;]<\/p>\n","protected":false},"author":59,"featured_media":6531,"comment_status":"open","ping_status":"closed","sticky":false,"template":"","format":"standard","meta":{"inline_featured_image":false,"footnotes":""},"categories":[38],"tags":[],"class_list":{"0":"post-6530","1":"post","2":"type-post","3":"status-publish","4":"format-standard","5":"has-post-thumbnail","7":"category-vijesti-iz-bih"},"acf":[],"_links":{"self":[{"href":"https:\/\/tvsensor.com\/api\/wp\/v2\/posts\/6530","targetHints":{"allow":["GET"]}}],"collection":[{"href":"https:\/\/tvsensor.com\/api\/wp\/v2\/posts"}],"about":[{"href":"https:\/\/tvsensor.com\/api\/wp\/v2\/types\/post"}],"author":[{"embeddable":true,"href":"https:\/\/tvsensor.com\/api\/wp\/v2\/users\/59"}],"replies":[{"embeddable":true,"href":"https:\/\/tvsensor.com\/api\/wp\/v2\/comments?post=6530"}],"version-history":[{"count":1,"href":"https:\/\/tvsensor.com\/api\/wp\/v2\/posts\/6530\/revisions"}],"predecessor-version":[{"id":6532,"href":"https:\/\/tvsensor.com\/api\/wp\/v2\/posts\/6530\/revisions\/6532"}],"wp:featuredmedia":[{"embeddable":true,"href":"https:\/\/tvsensor.com\/api\/wp\/v2\/media\/6531"}],"wp:attachment":[{"href":"https:\/\/tvsensor.com\/api\/wp\/v2\/media?parent=6530"}],"wp:term":[{"taxonomy":"category","embeddable":true,"href":"https:\/\/tvsensor.com\/api\/wp\/v2\/categories?post=6530"},{"taxonomy":"post_tag","embeddable":true,"href":"https:\/\/tvsensor.com\/api\/wp\/v2\/tags?post=6530"}],"curies":[{"name":"wp","href":"https:\/\/api.w.org\/{rel}","templated":true}]}}