{"id":4647,"date":"2019-03-18T10:42:48","date_gmt":"2019-03-18T10:42:48","guid":{"rendered":"https:\/\/senzor.ba\/?p=4647"},"modified":"2024-01-15T21:49:29","modified_gmt":"2024-01-15T20:49:29","slug":"video-nostalgija-u-dijaspori-veca-je-po-zimi-tamo-nisam-a-ovdje-me-nema","status":"publish","type":"post","link":"https:\/\/tvsensor.com\/clanak\/video-nostalgija-u-dijaspori-veca-je-po-zimi-tamo-nisam-a-ovdje-me-nema\/","title":{"rendered":"(VIDEO) Nostalgija u dijaspori ve\u0107a je po zimi: Tamo nisam, a ovdje me nema"},"content":{"rendered":"\n<p>A ko ste se ikad pitali kada je nostalgija ja\u010da i kako se s njom nosi na\u0161a dijaspora, evo odgovora &#8211; iz Malm\u00f6a. Tamo nam je svoje dojmove ispri\u010dao Mostarac Ramiz Trnovac. <\/p>\n\n\n\n<p>\n\n&#8211; To je jako individualno. Kod mene je uvijek bila izra\u017eena i uvijek \u0107e biti. Mo\u017eda sve to nekad mo\u017ee zvu\u010dati i pateti\u010dno, priznao je na\u0161 sagovornik.<\/p>\n\n\n\n<p>Ramiz se najmanje jedanput godi\u0161nje sjeti pjesme Seje Piti\u0107a &#8220;Cesta ka moru&#8221; i rije\u010di &#8220;Kada zima hladna okuje tu\u0111inu&#8221;&#8230;&nbsp;<\/p>\n\n\n\n<p>&#8211; April, maj, juni &#8211; to je jedno drugo doba. Odmor te \u010deka, tada su neka sasvim druga\u010dija osje\u0107anja. Zima, hladno\u0107a i snijeg &#8211; tada su dani izuzetno kratki i te\u017ee je, otkrio nam je ovaj Mostarac.<\/p>\n\n\n\n<p>\n\nPrema njegovom mi\u0161ljenju, nostalgiju u sebi nosi svaki iseljenik, samo neko je pokazuje vi\u0161e, a neko svjesno potiskuje.<\/p>\n\n\n\n<p>&#8211; U svemu tome sre\u0107a je ko radi jer onda nema\u0161 toliko vremena da duma\u0161. Mo\u017ee\u0161 u slobodno vrijeme, ali tad si preumoran. Nisi biljka da mo\u017ee\u0161 biti tamo gdje te postave. Ovo je ne\u0161to sasvim drugo, posebno za one koji su do\u0161li kao formirani ljudi. Tamo nam je dobro, ovdje nam je fino. Tamo nisam, a ovdje me nema, zaklju\u010dio je na\u0161 sagovornik. <\/p>\n\n\n\n<figure class=\"wp-block-embed-youtube wp-block-embed is-type-video is-provider-youtube wp-embed-aspect-16-9 wp-has-aspect-ratio\"><div class=\"wp-block-embed__wrapper\">\n<iframe loading=\"lazy\" title=\"Nostalgija u dijaspori ve\u0107a je po zimi: Tamo nisam, a ovdje me nema\" width=\"696\" height=\"392\" src=\"https:\/\/www.youtube.com\/embed\/-143cFETQFk?feature=oembed&#038;enablejsapi=1\" frameborder=\"0\" allow=\"accelerometer; autoplay; clipboard-write; encrypted-media; gyroscope; picture-in-picture\" allowfullscreen><\/iframe>\n<\/div><\/figure>\n\n\n\n<p>MojaBiH<a href=\"https:\/\/mojabih.oslobodjenje.ba\/zivotne-price\/novi-pocetak-u-svedskoj-sam-si-nemas-novca-i-hladno-ti-je\/218\"><\/a><\/p>\n","protected":false},"excerpt":{"rendered":"<p>A ko ste se ikad pitali kada je nostalgija ja\u010da i kako se s njom nosi na\u0161a dijaspora, evo odgovora &#8211; iz Malm\u00f6a. Tamo nam je svoje dojmove ispri\u010dao Mostarac Ramiz Trnovac. &#8211; To je jako individualno. Kod mene je uvijek bila izra\u017eena i uvijek \u0107e biti. Mo\u017eda sve to nekad mo\u017ee zvu\u010dati i pateti\u010dno, [&hellip;]<\/p>\n","protected":false},"author":59,"featured_media":4648,"comment_status":"open","ping_status":"closed","sticky":false,"template":"","format":"standard","meta":{"inline_featured_image":false,"footnotes":""},"categories":[39,37],"tags":[],"class_list":{"0":"post-4647","1":"post","2":"type-post","3":"status-publish","4":"format-standard","5":"has-post-thumbnail","7":"category-dijaspora","8":"category-vijesti"},"acf":[],"_links":{"self":[{"href":"https:\/\/tvsensor.com\/api\/wp\/v2\/posts\/4647","targetHints":{"allow":["GET"]}}],"collection":[{"href":"https:\/\/tvsensor.com\/api\/wp\/v2\/posts"}],"about":[{"href":"https:\/\/tvsensor.com\/api\/wp\/v2\/types\/post"}],"author":[{"embeddable":true,"href":"https:\/\/tvsensor.com\/api\/wp\/v2\/users\/59"}],"replies":[{"embeddable":true,"href":"https:\/\/tvsensor.com\/api\/wp\/v2\/comments?post=4647"}],"version-history":[{"count":1,"href":"https:\/\/tvsensor.com\/api\/wp\/v2\/posts\/4647\/revisions"}],"predecessor-version":[{"id":4649,"href":"https:\/\/tvsensor.com\/api\/wp\/v2\/posts\/4647\/revisions\/4649"}],"wp:featuredmedia":[{"embeddable":true,"href":"https:\/\/tvsensor.com\/api\/wp\/v2\/media\/4648"}],"wp:attachment":[{"href":"https:\/\/tvsensor.com\/api\/wp\/v2\/media?parent=4647"}],"wp:term":[{"taxonomy":"category","embeddable":true,"href":"https:\/\/tvsensor.com\/api\/wp\/v2\/categories?post=4647"},{"taxonomy":"post_tag","embeddable":true,"href":"https:\/\/tvsensor.com\/api\/wp\/v2\/tags?post=4647"}],"curies":[{"name":"wp","href":"https:\/\/api.w.org\/{rel}","templated":true}]}}