{"id":4637,"date":"2019-03-18T10:35:58","date_gmt":"2019-03-18T10:35:58","guid":{"rendered":"https:\/\/senzor.ba\/?p=4637"},"modified":"2024-01-15T21:49:29","modified_gmt":"2024-01-15T20:49:29","slug":"lica-zrtava-krvavog-pohoda-na-novom-zelandu-najmladi-je-imao-tri-godine","status":"publish","type":"post","link":"https:\/\/tvsensor.com\/clanak\/lica-zrtava-krvavog-pohoda-na-novom-zelandu-najmladi-je-imao-tri-godine\/","title":{"rendered":"Lica \u017ertava krvavog pohoda na Novom Zelandu: Najmla\u0111i je imao tri godine"},"content":{"rendered":"\n<p>Oni su o\u010devi, majke, djedovi, bake, k\u0107eri i sinovi \u2013 ovim rije\u010dima po\u010dinje tekst&nbsp;<a href=\"http:\/\/balkans.aljazeera.net\/tag\/novi-zeland\" target=\"_blank\" rel=\"noopener\"><strong>novozelandskih<\/strong><\/a>&nbsp;kolega sa portala nzherald.co.nz pod nazivom \u201ePucnjava u d\u017eamiji u Christchurchu: Lica \u017ertava\u201c.<\/p>\n\n\n\n<p>U tekstu se nadalje navodi kako je rije\u010d o osobama koje su ro\u0111ene u ovoj dalekoj pacifi\u010dkoj dr\u017eavi ili su bili izbjeglice i migranti, no dodaje se kako su oni svi \u201ekiviji\u201c \u0161to je nadimak za \u017eitelje Novog Zelanda.<\/p>\n\n\n\n<h4 class=\"wp-block-heading\">Mucad Ibrahim (3)<\/h4>\n\n\n\n<p>Prvo ime koje se spominje je ono koje je pripadalo najmla\u0111oj \u017ertvi masakra, trogodi\u0161njem Mucadu Ibrahimu koji je u d\u017eamiju Al Noor do\u0161ao sa ocem i starijim bratom Abdijem.<\/p>\n\n\n\n<p>Mucad je nestao kada je pucnjava po\u010dela, Abdi je pobjegao i spasio svoj \u017eivot, a otac im je bio pogo\u0111en i glumio je da je mrtav.<\/p>\n\n\n\n<p>Porodica je uzalud tragala za djete\u0161cetom u bolnici i kasnije objavila tu\u017ene rije\u010di i sliku dvojice bra\u010de: \u201eSvi pripadamo Bogu i njemu se svi vra\u0107amo. Nedostaje\u0161 nam jako brate\u201c.<\/p>\n\n\n\n<p>Abdi opisuje mla\u0111eg brata kao \u201epunog energije, razigranog\u201c te kako \u201ese jako volio smijati\u201c, te priznaje kako ne osje\u0107a ni\u0161ta sem \u201emr\u017enje\u201c prema ubici.<\/p>\n\n\n\n<h4 class=\"wp-block-heading\">Zulfirman Syah i sin Averroes<\/h4>\n\n\n\n<figure class=\"wp-block-image\"><img decoding=\"async\" src=\"http:\/\/balkans.aljazeera.net\/sites\/default\/files\/styles\/varbase_wysiwyg_image\/public\/zulfirman_syah_facebook.jpg?itok=Z7EdwuLG\" alt=\"\" \/><\/figure>\n\n\n\n<p>NZ Herald<\/p>\n\n\n\n<p>Alta Marie govori kako je njen mu\u017e Zulfirman Syah tijelom za\u0161titio njihova sina tokom napada u d\u017eamiji Linwood.<\/p>\n\n\n\n<p>Zbog svog hrabrog poteza, Syaha je pogodilo najvi\u0161e metaka i ima daleko te\u017ee povrede od njihovog sina Averrosa.<\/p>\n\n\n\n<p>\u201eOn je u stabilnom stanju nakon ekstenzivnih operativnih zahvata. Jo\u0161 je na intenzivnoj njezi i bit \u0107e premje\u0161ten kad ljekari procijene da je u boljem stanju, nadamo se za koji dan.\u201c<\/p>\n\n\n\n<p>Alta Marie dodaje kako je sin Averroes zadobio lak\u0161e povrede poput rane u nogu.<\/p>\n\n\n\n<p>\u201ePrestravljen je, ali smo svi \u017eivi. Dobro se oporavlja i raspolo\u017een je na odjelu za djecu. Zahvalna sam da su mi \u010dlanovi porodice pre\u017eivjeli, molim se za one koji su izgubili najmilije\u201c, dodaje ona.<\/p>\n\n\n\n<h4 class=\"wp-block-heading\">Abdullahi Dirie (4)<\/h4>\n\n\n\n<p>Abdulrahman Hashi (60) imam d\u017eamije Dar Al Hijrah in Minneapolisu, ka\u017ee kako je njegov \u010detverogodi\u0161nji ne\u0107ak me\u0111u ubijenima.<\/p>\n\n\n\n<p>U petak ga je nazvao \u0161ogor Adan Ibrahin Dirie, koji je tako\u0111er u bolnici zbog rana. \u010cetvero njegove djece je uspjelo pobje\u0107i bez povrede, ali je najmla\u0111i Abdullahi ubijen.<\/p>\n\n\n\n<p>Ova porodica je sredinom 1990-ih pobjegla kao izbjeglice iz Somalije i mir na\u0161la na Novom Zelandu.<\/p>\n\n\n\n<p>\u201eNe mo\u017eete zamisliti kako mi je. On je bio najmla\u0111i u porodici. Ovo je problem ekstremizma. Neki ljudi misle kako su muslimani u njihovoj dr\u017eavi dio toga, ali to su nevini ljudi\u201c, govori Hashi.<\/p>\n\n\n\n<h4 class=\"wp-block-heading\">Sayyad Milne (14)<\/h4>\n\n\n\n<figure class=\"wp-block-image\"><img decoding=\"async\" src=\"http:\/\/balkans.aljazeera.net\/sites\/default\/files\/sayyad_milne.jpg\" alt=\"\" \/><\/figure>\n\n\n\n<p>NZ Herald<\/p>\n\n\n\n<p>Sayyadov otac kroz suze kako je njegov sin \u201ehrabri mali vojnik\u201c koji je poginuo u d\u017eamiji Al Noor.<\/p>\n\n\n\n<p>U\u010denik srednje \u0161kole bio je u d\u017eamiji sa majkom i prijateljima, tamo je i\u0161ao svaki petak.<\/p>\n\n\n\n<p>\u201eIzgubio sam svog malog dje\u010daka, tek je napunio 14 godina. Bit \u0107emo opet zajedno\u2026 Jo\u0161 zvani\u010dno nisam dobio vijest da je preminuo, ali znam jer su ga vidjeli\u201c, govori otac John Milne.<\/p>\n\n\n\n<p>Dodaje kako mu je re\u010deno da je Sayyad le\u017eao na podu d\u017eamije i krvario iz donjih dijelova tijela, te kako mu je sin veliki ljubitelj sporta.<\/p>\n\n\n\n<p>\u201eSje\u0107am ga se kao bebe koju sam zamalo izgubio kada je bio ro\u0111en. Cijeli \u017eivot se borio. Nije dobio fer tretman, ali se uzdigao iznad toga i bio je veoma hrabar. Hrabri mali vojnik. Te\u0161ko je\u2026 kad vidite da ga je ubio neko ko ne mari ni za \u0161ta.\u201c<\/p>\n\n\n\n<h4 class=\"wp-block-heading\">Khaled Mustafa i sin Hamza (16)<\/h4>\n\n\n\n<figure class=\"wp-block-image\"><img decoding=\"async\" src=\"http:\/\/balkans.aljazeera.net\/sites\/default\/files\/styles\/varbase_wysiwyg_image\/public\/khaled_mustafa.jpg?itok=r4FAhcL-\" alt=\"\" \/><\/figure>\n\n\n\n<p>NZ Herald<\/p>\n\n\n\n<p>Porodica Khaleda Mustafe je mislila kako je napokon na sigurnom u Novom Zelandu nakon \u0161to su pobjegli iz ratom razorene Sirije prije nekoliko mjeseci.<\/p>\n\n\n\n<p>No, i on je postao \u017ertva mr\u017enje kada je pucano na njega i njegova dva sina \u2013 Hamzu za koga se smatra da je ubijen i Zaida (13) koji se oporavlja nakon \u0161esterosatne operacije.<\/p>\n\n\n\n<p>Ali Akil, glasnogovornik Sirijske solidarnosti Novog Zelanda, navodi kako su Mustafine supruga i k\u0107er, koje u petak nisu bile u d\u017eamiji, \u201eu potpunom \u0161oku i hororu\u201c.<\/p>\n\n\n\n<p>\u201ePre\u017eivjeli su u\u017easne stvari i do\u0161li ovdje potra\u017eiti spas, samo da bi bili ubijeni na najgori mogu\u0107i na\u010din. Tra\u017eili su sigurno uto\u010di\u0161te. Na\u017ealost, vi\u0161e ne mo\u017eemo govoriti da je to Novi Zeland\u201c, dodao je.<\/p>\n\n\n\n<h4 class=\"wp-block-heading\">Naeem Rashid i sin Talha (21)<\/h4>\n\n\n\n<figure class=\"wp-block-image\"><img decoding=\"async\" src=\"http:\/\/balkans.aljazeera.net\/sites\/default\/files\/styles\/varbase_wysiwyg_image\/public\/naeem_rashid.jpg?itok=d92iT8TG\" alt=\"\" \/><\/figure>\n\n\n\n<p>NZ Herald<\/p>\n\n\n\n<p>Naeem je navodno podlegao zadobijenom ranama u bolnici Hospital nakon \u0161to je poku\u0161ao oteti oru\u017eje napada\u010du u d\u017eamiji Al Noor.<\/p>\n\n\n\n<p>I njegov sin Talha je tako\u0111er ubijen u ovom napadu.<\/p>\n\n\n\n<p>Naeem je bio iz Pakistana gdje je radio kao bankar prije nego se preselio u Christchurch da radi kao nastavnik.<\/p>\n\n\n\n<h4 class=\"wp-block-heading\">Atta Elayyan (33)<\/h4>\n\n\n\n<figure class=\"wp-block-image\"><img decoding=\"async\" src=\"http:\/\/balkans.aljazeera.net\/sites\/default\/files\/atta_elayyan.jpg\" alt=\"\" \/><\/figure>\n\n\n\n<p>NZ Herald<\/p>\n\n\n\n<p>Elayyan je bio golman reprezentacije Novog Zelanda u malom nogometu i ekipe Canterbury.<\/p>\n\n\n\n<p>Rodom iz Kuvajta, nedavno je postao otac i bio je popularan \u010dlan tehnolo\u0161ke industrije Christchurcha. Bio je direktor i dioni\u010dar kompanije LWA Solutions.<\/p>\n\n\n\n<p>Elayyana je ubio napada\u010d dok se molio.<\/p>\n\n\n\n<p>Njegov prijatelj Kyle Wisnewski mu je odao po\u010dast na Twitteru i napisao: \u201eSrce mi je slomljeno, moj uzor i uzor mnogih u zajednici malog nogometa, voljeni KIVI, otac, mu\u017e, prijatelj i nogometa\u0161. Nikada ne\u0107ete sresti nekog prizemljenijeg, skromnijehg. Po\u010divaj u miru prijatelju.\u201c<\/p>\n\n\n\n<h4 class=\"wp-block-heading\">Husne Ara Parvin (42)<\/h4>\n\n\n\n<p>Parvin je upucana kada je poku\u0161ala spasiti mu\u017ea Farida Uddina koji je bio u kolicima, navode njihovi ro\u0111aci.<\/p>\n\n\n\n<p>Njen ne\u0107ak Mahfuz Chowdhury, koji \u017eivi u Banglade\u0161u odakle je Parvin ina\u010de, govori kako je vijest o njenoj pogibiji dobio od \u010dlanova porodice.<\/p>\n\n\n\n<p>Parvin i njen mu\u017e su bili u d\u017eamiji Al Noor koja ima dva dijela \u2013 jedan za mu\u0161karce i drugi za \u017eene.<\/p>\n\n\n\n<p>\u201eOti\u0161la je u dio za \u017eene nakon \u0161to je paraliziranog mu\u017ea ostavila u kolicima u dijelu za mu\u0161karce. Iza\u0161la je kada je \u010dula pucnjavu. Ubijena je na licu mjesta kada je u mu\u0161kom dijelu poku\u0161ala spasiti mu\u017ea\u201c, govori Chowdhury.<\/p>\n\n\n\n<p>Farid je pre\u017eivio napad kada su ga drugi iz d\u017eamije izvukli na sigurno mjesto kada je po\u010dela pucnjava.<\/p>\n\n\n\n<h4 class=\"wp-block-heading\">Linda Armstrong (65)<\/h4>\n\n\n\n<p>Jedan prijatelj za Herald je kazao kako je Armstrong preminula u rukama dame koja je pre\u017eivjela napad na d\u017eamiju Linwood i bila ranjena u ruku.<\/p>\n\n\n\n<p>Govori kako je Armstrong bila dobra osoba, uvijek gostoljubiva.<\/p>\n\n\n\n<p>\u201eBila je radosna kao dijete oko mnogih stvari, voljela je \u010diniti dobra djela i rado je to radila.\u201c<\/p>\n\n\n\n<h4 class=\"wp-block-heading\">Haji-Daoud Nabi (71)<\/h4>\n\n\n\n<figure class=\"wp-block-image\"><img decoding=\"async\" src=\"http:\/\/balkans.aljazeera.net\/sites\/default\/files\/styles\/varbase_wysiwyg_image\/public\/haji-daoud_nabi.jpg?itok=B8DRarNS\" alt=\"\" \/><\/figure>\n\n\n\n<p>NZ Herald<\/p>\n\n\n\n<p>Ovaj 71-godi\u0161njak je bio izbjeglica iz Afganistana i ubijen je u d\u017eamiji.<\/p>\n\n\n\n<p>Njegov sin Omar Nabi je u subotu i\u0161ao na sud gdje se pojavio \u010dovjek optu\u017een za ubistvo.<\/p>\n\n\n\n<p>Opisuje ubistva kao \u201ekukavi\u010dki \u010din\u201c.<\/p>\n\n\n\n<p>\u201eOvo je u\u017easno, moram se suo\u010diti sa svime. Ovo je u\u017easan osje\u0107aj, ubijeno je 49 ljudi, djeca i odrasli su upucani u le\u0111a dok su se molili. Ovo je kukavi\u010dki \u010din\u201c, isti\u010de on.<\/p>\n\n\n\n<p><em>Izvor: Agencije<\/em><\/p>\n","protected":false},"excerpt":{"rendered":"<p>Oni su o\u010devi, majke, djedovi, bake, k\u0107eri i sinovi \u2013 ovim rije\u010dima po\u010dinje tekst&nbsp;novozelandskih&nbsp;kolega sa portala nzherald.co.nz pod nazivom \u201ePucnjava u d\u017eamiji u Christchurchu: Lica \u017ertava\u201c. U tekstu se nadalje navodi kako je rije\u010d o osobama koje su ro\u0111ene u ovoj dalekoj pacifi\u010dkoj dr\u017eavi ili su bili izbjeglice i migranti, no dodaje se kako su [&hellip;]<\/p>\n","protected":false},"author":59,"featured_media":4645,"comment_status":"open","ping_status":"closed","sticky":false,"template":"","format":"standard","meta":{"inline_featured_image":false,"footnotes":""},"categories":[41,37],"tags":[225,226,199,224,223],"class_list":{"0":"post-4637","1":"post","2":"type-post","3":"status-publish","4":"format-standard","5":"has-post-thumbnail","7":"category-svijet","8":"category-vijesti","9":"tag-christchurch","10":"tag-imena","11":"tag-novi-zeland","12":"tag-poginuli","13":"tag-zrtve"},"acf":[],"_links":{"self":[{"href":"https:\/\/tvsensor.com\/api\/wp\/v2\/posts\/4637","targetHints":{"allow":["GET"]}}],"collection":[{"href":"https:\/\/tvsensor.com\/api\/wp\/v2\/posts"}],"about":[{"href":"https:\/\/tvsensor.com\/api\/wp\/v2\/types\/post"}],"author":[{"embeddable":true,"href":"https:\/\/tvsensor.com\/api\/wp\/v2\/users\/59"}],"replies":[{"embeddable":true,"href":"https:\/\/tvsensor.com\/api\/wp\/v2\/comments?post=4637"}],"version-history":[{"count":2,"href":"https:\/\/tvsensor.com\/api\/wp\/v2\/posts\/4637\/revisions"}],"predecessor-version":[{"id":35719,"href":"https:\/\/tvsensor.com\/api\/wp\/v2\/posts\/4637\/revisions\/35719"}],"wp:featuredmedia":[{"embeddable":true,"href":"https:\/\/tvsensor.com\/api\/wp\/v2\/media\/4645"}],"wp:attachment":[{"href":"https:\/\/tvsensor.com\/api\/wp\/v2\/media?parent=4637"}],"wp:term":[{"taxonomy":"category","embeddable":true,"href":"https:\/\/tvsensor.com\/api\/wp\/v2\/categories?post=4637"},{"taxonomy":"post_tag","embeddable":true,"href":"https:\/\/tvsensor.com\/api\/wp\/v2\/tags?post=4637"}],"curies":[{"name":"wp","href":"https:\/\/api.w.org\/{rel}","templated":true}]}}