{"id":4588,"date":"2019-03-17T10:00:46","date_gmt":"2019-03-17T10:00:46","guid":{"rendered":"https:\/\/senzor.ba\/?p=4588"},"modified":"2024-01-15T21:49:31","modified_gmt":"2024-01-15T20:49:31","slug":"video-siling-smjenjivao-sam-dodika-amerikanci-mi-nisu-dali","status":"publish","type":"post","link":"https:\/\/tvsensor.com\/clanak\/video-siling-smjenjivao-sam-dodika-amerikanci-mi-nisu-dali\/","title":{"rendered":"(VIDEO) \u0160iling: Smjenjivao sam Dodika, Amerikanci mi nisu dali!"},"content":{"rendered":"\n<p>U emisiji Face to Face, gost je bio biv\u0161i visoki predstavnik u Bosni i Hercegovini Kristijan \u0160varc-\u0160iling. Had\u017eifejzovi\u0107 je podsjetio na 2006. godinu, kada je sa tada\u0161njim visokim predstavnikom u Bosni i Hercegovini, Kristijanom \u0160varc-\u0160ilingom trebao razgovarati preko satelitskog linka, na \u0161ta je \u0160iling rekao da \u0107e do\u0107i u studio, jer je bio u Sarajevu.<\/p>\n\n\n\n<figure class=\"wp-block-embed-youtube wp-block-embed is-type-video is-provider-youtube wp-embed-aspect-16-9 wp-has-aspect-ratio\"><div class=\"wp-block-embed__wrapper\">\n<iframe loading=\"lazy\" title=\"\u0160iling: Smjenjivao sam Dodika, Amerikanci mi nisu dali!\" width=\"696\" height=\"392\" src=\"https:\/\/www.youtube.com\/embed\/ifUOgXu_Gt8?feature=oembed&#038;enablejsapi=1\" frameborder=\"0\" allow=\"accelerometer; autoplay; clipboard-write; encrypted-media; gyroscope; picture-in-picture\" allowfullscreen><\/iframe>\n<\/div><\/figure>\n\n\n\n<p>-Dovoljno sam star da poznajem i period nacizma. U to doba, mojoj porodici nije bilo jednostavno, moja majka je bila Poljakinja, tek kad su mi oba roditelja umrla, saznao sam da mi je majka bila jevrejka. Moja sestra je neko vrijeme bila i u zatvoru. Onda sam do\u017eivio \u201coslobo\u0111enje\u201d od strane Amerikanaca. Naravno, tad je bila samo konferencija, nismo znali da \u0107e tada do\u0107i. Nakon toga, zbog o\u010devog posla, oti\u0161li smo \u017eivjeti u Berlin. Od svega \u0161to sam do\u017eivio, ostala je ideja: \u201cJednoga dana \u0161ta god budem radio, jedan dio \u0107u posvetiti politici, kako se ono \u0161to sam ja pro\u017eivio nikome ne bi dogodilo\u201d, na samom po\u010detku kazao je Kristijan \u0160varc-\u0160iling.<\/p>\n\n\n\n<p>Aludiraju\u0107i da je devedesetih godina u jednom dnevnom listu pro\u010ditao \u0161ta se doga\u0111a u BiH. Sve strahote rata, logori, ljudi \u017eivi spaljeni u ku\u0107ama, rekao je da to ne mo\u017ee i ne smije biti tako.<\/p>\n\n\n\n<p>-Razgovarao sam sa kancelarom Njema\u010dke i ministrom odbrane. Rekli su da imamo \u010ditav proces pred Ustavnim sudom, jer smo tu\u017eeni zbog mjere koju smo prije nekada proveli. Rekao sam da sam ja ipak druga\u010dijeg mi\u0161ljenja. I Konrad Adenauer imao je druga\u010dije mi\u0161ljenja. Ali tad je bio trenutak da se donesu odluke. Bila je takva situacija i tada sam odstupio sa svoje pozicije. Bio sam u komisiji za ljudska pitanja u Bundestagu, te u komisiji za pitanje odbrane. Od 1993. bio sam u ratu u Bosni I Hercegovini, kazao je za Face TV bio biv\u0161i visoki predstavnik u Bosni i Hercegovini.<\/p>\n\n\n\n<p>U na\u0161e \u017eivote jednog januara 1993. u\u0161ao je kroz program televizije BiH, kada smo pratili njegov javni istup, kazao je Senad Had\u017eifejzovi\u0107, spominju\u0107i \u0160ilingov istup 1993. godine o pitanju zlo\u010dina u Bosni i Hercegovini, kada je \u0160iling rekao da se govori o mirovnim pregovorima, a da se \u201cpuca po Sarajevu\u201d.<\/p>\n\n\n\n<p>Na pitanje da li Bosni i Herecegovini opet prijeti rat i da li je zabrinut za stanje u BiH, \u0160iling je rekao:<\/p>\n\n\n\n<ul class=\"wp-block-list\"><li>Istinu sam uvijek govorio, zbog toga sam po\u017eelio da pitanja rata postavljam u politici. Jednom sam pisao da postoje pri\u010de da \u0107e postojati princip nemijenjanja granica iz etni\u010dkih granica, o \u010demu se upravo govori u Srbiji i Kosovu, onda sam \u010duo o tome u Evropskoj uniji. Gospodin Vu\u010di\u0107 je bio pri tome. Onda su u Briselu rekli, da je to uredu, ako se uspiju dogovoriti, \u0161to je potvrdila i Mogerini. Ako smo zaboravili ono \u0161ta je zna\u010dio ostatak, ljudi se pla\u0161e da ostanu u nekom dijelu. Me\u0111unarodna zajednica u tome biva ona koja je na to pristala. Meni su rekli da se pri\u010da da Tramp i Putin, mo\u017eda imaju dogovor, kao ja \u0107u malo Srbe preuzeti, a ti se mo\u017ee\u0161 pru\u017eiti prema Hrvatskoj, Bosni i Hercegovini i to bi kao bilo rje\u0161enje. Pomislio sam da Amerikanci vi\u0161e ne znaju kako da upravljaju, zaklju\u010dio je \u0160iling, govore\u0107i o stabilnosti u Bosni i Hercegovini.<\/li><\/ul>\n\n\n\n<p>-Mislim da Angela Merkel sada ima dovoljno iskustva, da vidi da se Balkan ne smije zanemariti. Mi svakog dana pri\u010damo o evropeizaciji pojedinih dijelova Evrope. Vodili smo pregovore, \u0161ta zna\u010di biti \u010dlan Evropske unije. Ipak ona kada je po\u010dela, o takvim stvarima, nije mnogo brinula. Tra\u017eio sam od nje podr\u0161ku, kao njema\u010dkom kandidatu za viskog predstavnika u Bosni i Hercegovini. Tada me je podr\u017eala, a takav brz potez je bio potreban. Dakle, ohrabrila me je, kazao je \u0160iling.<\/p>\n\n\n\n<p>Na pitanje koliko Angela Merkel mo\u017ee da uti\u010de na odnose na Balkanu, na samu stabilnost, dodao je:<\/p>\n\n\n\n<p>-Merkel mi je to i obe\u0107ala. Ona vidi da se stvari mijenjaju, da pozicija Hrvatske u tome igra veliku ulogu. Desni\u010darska politika Hrvatske je mnogo podr\u017eana, tako oni poku\u0161avaju praviti prijedloge za sve susjedne zemlje. \u010cesto govore o tre\u0107em entitetu, a to je ne\u0161to \u0161to podr\u017eava hrvatska Vlada. To je jedna saradnja Hrvatske i HDZ-a. Ako ovdje u Bosni i Hercegovni, niko ne poduzme nikakvu akciju, ako se svi budu uspavali, rat se mo\u017ee dogoditi naravno. Ovdje niko jo\u0161 uvijek nikog nije nau\u010dio kako funkcioni\u0161e demokratija, ispri\u010dao je \u0160iling.<br>\nNamjeravao je, tokom mandata visokog predstavnika, kako ka\u017ee djelovati kada je rije\u010d o poziciji Milorada Dodika, ipak, Amerikanci nisu bili za to.<\/p>\n\n\n\n<p>-Dodik je 2007. godine imao jako ru\u017ean izborni govor, na kojem je istakao kako \u0107e napraviti referendum. Amerikanci su mi rekli, da trebam odmah djelovati. Odlu\u010dio sam ga nazvati i re\u0107i mu da se to ne smije vi\u0161e dogoditi, jer sam mu rekao da \u0107u reagovati, ako ne bude korektan. On je do samih izbora bio fer. Kada je nakon kampanje nastavio s onim \u0161to je po\u010deo, ja sam rekao da \u0107u uraditi ne\u0161to po tom pitanju. Na to su Rusi protestovali. Amerikanci su \u010dekali zeleno svjetlo iz Va\u0161ingotna, onda su ostali rekli da \u0107e i oni \u010dekati, jer i Amerkianci \u010dekaju. Nakon nekoliko dana Amerikanac je rekao da nije dobio zeleno svjetlo od svojih. A to se promijenilo jer je ve\u0107 otvoren \u201cfront na Kosovu\u201d, pa da ne bi bilo i pitanje Bosne i Hercegovine upleteno. Ali ako se to bude koristilo kao argument i ako se sada ne bi djelovalo, onda nam je ovaj voz pro\u0161ao, kazao je \u0160iling.<\/p>\n\n\n\n<p>-Sve sam tada rekao, ali odluka da Dodik bude smijenjen, ipak nije donesena. Ja, kao visoki predstavnik, sam htio da ga smijenim, ali Amerikanci ga nisu dali. Upravo zbog toga mi nije produ\u017een mandat, jer su znali da \u0107u uraditi ne\u0161to, da ih ne\u0107u slu\u0161ati. Zbog toga su me se \u017eeljeli rije\u0161iti, zaklju\u010dio je govore\u0107i o predsjedavaju\u0107em Predsjedni\u0161tva Bosne i Hercegovine, Miloradu Dodiku.<\/p>\n\n\n\n<p>face.ba<\/p>\n","protected":false},"excerpt":{"rendered":"<p>U emisiji Face to Face, gost je bio biv\u0161i visoki predstavnik u Bosni i Hercegovini Kristijan \u0160varc-\u0160iling. Had\u017eifejzovi\u0107 je podsjetio na 2006. godinu, kada je sa tada\u0161njim visokim predstavnikom u Bosni i Hercegovini, Kristijanom \u0160varc-\u0160ilingom trebao razgovarati preko satelitskog linka, na \u0161ta je \u0160iling rekao da \u0107e do\u0107i u studio, jer je bio u Sarajevu. [&hellip;]<\/p>\n","protected":false},"author":59,"featured_media":4589,"comment_status":"open","ping_status":"closed","sticky":false,"template":"","format":"standard","meta":{"inline_featured_image":false,"footnotes":""},"categories":[37,38],"tags":[213],"class_list":{"0":"post-4588","1":"post","2":"type-post","3":"status-publish","4":"format-standard","5":"has-post-thumbnail","7":"category-vijesti","8":"category-vijesti-iz-bih","9":"tag-siling"},"acf":[],"_links":{"self":[{"href":"https:\/\/tvsensor.com\/api\/wp\/v2\/posts\/4588","targetHints":{"allow":["GET"]}}],"collection":[{"href":"https:\/\/tvsensor.com\/api\/wp\/v2\/posts"}],"about":[{"href":"https:\/\/tvsensor.com\/api\/wp\/v2\/types\/post"}],"author":[{"embeddable":true,"href":"https:\/\/tvsensor.com\/api\/wp\/v2\/users\/59"}],"replies":[{"embeddable":true,"href":"https:\/\/tvsensor.com\/api\/wp\/v2\/comments?post=4588"}],"version-history":[{"count":1,"href":"https:\/\/tvsensor.com\/api\/wp\/v2\/posts\/4588\/revisions"}],"predecessor-version":[{"id":4590,"href":"https:\/\/tvsensor.com\/api\/wp\/v2\/posts\/4588\/revisions\/4590"}],"wp:featuredmedia":[{"embeddable":true,"href":"https:\/\/tvsensor.com\/api\/wp\/v2\/media\/4589"}],"wp:attachment":[{"href":"https:\/\/tvsensor.com\/api\/wp\/v2\/media?parent=4588"}],"wp:term":[{"taxonomy":"category","embeddable":true,"href":"https:\/\/tvsensor.com\/api\/wp\/v2\/categories?post=4588"},{"taxonomy":"post_tag","embeddable":true,"href":"https:\/\/tvsensor.com\/api\/wp\/v2\/tags?post=4588"}],"curies":[{"name":"wp","href":"https:\/\/api.w.org\/{rel}","templated":true}]}}