{"id":4554,"date":"2019-03-16T09:35:46","date_gmt":"2019-03-16T09:35:46","guid":{"rendered":"https:\/\/senzor.ba\/?p=4554"},"modified":"2024-01-15T21:49:32","modified_gmt":"2024-01-15T20:49:32","slug":"medu-poginulima-u-teroristickom-napadu-na-novom-zelandu-i-djeca","status":"publish","type":"post","link":"https:\/\/tvsensor.com\/clanak\/medu-poginulima-u-teroristickom-napadu-na-novom-zelandu-i-djeca\/","title":{"rendered":"Me\u0111u poginulima u teroristi\u010dkom napadu na Novom Zelandu i djeca"},"content":{"rendered":"\n<p>Me\u0111u poginulima u teroristi\u010dkom napadu desnog ekstremista na Novom Zelandu ima i djece, objavila je u subotu premijerka te dr\u017eave.<\/p>\n\n\n\n<p>&#8220;Postalo je jasno da su mete ovog groznog napada bila i djeca&#8221;, rekla je&nbsp;Jacinda Ardern&nbsp;novinarima u Christchurchu, mjestu napada na dvije d\u017eamije u kojem je zasad poginulo najmanje 49 ljudi.<\/p>\n\n\n\n<p>U napadu je ozlije\u0111eno 39 ljudi, od kojih je 11 na intenzivnoj njezi, dodala je premijerka, istaknuv\u0161i kako i me\u0111u njima ima djece.<\/p>\n\n\n\n<p>Pohvalila je hrabrost dvoje policajaca koji su svladali napada\u010da koji je imao dvije pu\u0161ke u svom automobilu, naglasiv\u0161i kako je jasno da je &#8220;imao namjeru nastaviti svoj napad&#8221;.<\/p>\n\n\n\n<p>Policija je ranije tvrdila da su oba napada \u010din jednog napada\u010da i objavila da je trebalo 36 minuta od prvog hitnog poziva do uhi\u0107enja.<\/p>\n\n\n\n<p>Ardern je stigla u Christchurch i susrela se s pre\u017eivjelima i obiteljima \u017ertava, poru\u010div\u0161i kako prenosi poruke ljubavi i podr\u0161ke u ime novozelandskog naroda.<\/p>\n\n\n\n<p>&#8220;Novi Zeland je ujedinjen u tuzi&#8221;, kazala je.<\/p>\n\n\n\n<p>Dodala je da \u0107e policija \u0161tititi d\u017eamije na Novom Zelandu dok se ne poka\u017ee da je opasnost pro\u0161la.<\/p>\n\n\n\n<p>Napada\u010d je ranije u subotu \u0161utio pri \u010ditanju optu\u017ebe.<\/p>\n\n\n\n<p>&#8220;\u010cinio se vrlo smirenim i mnogo je vremena promatrao medije i odvjetnike&#8221;, prenosi novinarka Radija New Zealand&nbsp;Annekke Smith&nbsp;o 28-godi\u0161njem Australcu i otkriva kako nije tra\u017eio jam\u010devinu ili da mu se krije ime.<\/p>\n","protected":false},"excerpt":{"rendered":"<p>Me\u0111u poginulima u teroristi\u010dkom napadu desnog ekstremista na Novom Zelandu ima i djece, objavila je u subotu premijerka te dr\u017eave. &#8220;Postalo je jasno da su mete ovog groznog napada bila i djeca&#8221;, rekla je&nbsp;Jacinda Ardern&nbsp;novinarima u Christchurchu, mjestu napada na dvije d\u017eamije u kojem je zasad poginulo najmanje 49 ljudi. U napadu je ozlije\u0111eno 39 [&hellip;]<\/p>\n","protected":false},"author":59,"featured_media":4555,"comment_status":"open","ping_status":"closed","sticky":false,"template":"","format":"standard","meta":{"inline_featured_image":false,"footnotes":""},"categories":[41,37],"tags":[],"class_list":{"0":"post-4554","1":"post","2":"type-post","3":"status-publish","4":"format-standard","5":"has-post-thumbnail","7":"category-svijet","8":"category-vijesti"},"acf":[],"_links":{"self":[{"href":"https:\/\/tvsensor.com\/api\/wp\/v2\/posts\/4554","targetHints":{"allow":["GET"]}}],"collection":[{"href":"https:\/\/tvsensor.com\/api\/wp\/v2\/posts"}],"about":[{"href":"https:\/\/tvsensor.com\/api\/wp\/v2\/types\/post"}],"author":[{"embeddable":true,"href":"https:\/\/tvsensor.com\/api\/wp\/v2\/users\/59"}],"replies":[{"embeddable":true,"href":"https:\/\/tvsensor.com\/api\/wp\/v2\/comments?post=4554"}],"version-history":[{"count":1,"href":"https:\/\/tvsensor.com\/api\/wp\/v2\/posts\/4554\/revisions"}],"predecessor-version":[{"id":4556,"href":"https:\/\/tvsensor.com\/api\/wp\/v2\/posts\/4554\/revisions\/4556"}],"wp:featuredmedia":[{"embeddable":true,"href":"https:\/\/tvsensor.com\/api\/wp\/v2\/media\/4555"}],"wp:attachment":[{"href":"https:\/\/tvsensor.com\/api\/wp\/v2\/media?parent=4554"}],"wp:term":[{"taxonomy":"category","embeddable":true,"href":"https:\/\/tvsensor.com\/api\/wp\/v2\/categories?post=4554"},{"taxonomy":"post_tag","embeddable":true,"href":"https:\/\/tvsensor.com\/api\/wp\/v2\/tags?post=4554"}],"curies":[{"name":"wp","href":"https:\/\/api.w.org\/{rel}","templated":true}]}}