{"id":4553,"date":"2019-03-16T09:49:17","date_gmt":"2019-03-16T09:49:17","guid":{"rendered":"https:\/\/senzor.ba\/?p=4553"},"modified":"2024-01-15T21:49:32","modified_gmt":"2024-01-15T20:49:32","slug":"gradani-novog-zelanda-ostavili-cvijece-na-mjestu-napada","status":"publish","type":"post","link":"https:\/\/tvsensor.com\/clanak\/gradani-novog-zelanda-ostavili-cvijece-na-mjestu-napada\/","title":{"rendered":"Gra\u0111ani Novog Zelanda ostavili cvije\u0107e na mjestu napada"},"content":{"rendered":"\n<p>Gra\u0111ani novozelandskog&nbsp;Christchurcha, u kojem je, u petak, izveden teroristi\u010dki napad, polo\u017eili su cvije\u0107e u blizini d\u017eamije&nbsp;Al Noor, jedne od dvije u kojima je izveden napad, javlja Anadolu Agency (AA).<\/p>\n\n\n\n<p>Na ovaj na\u010din su odali po\u010dast \u017ertvama napada koji je izveden, u petak, u vrijeme d\u017euma-namaza, molitve muslimana petkom. Napadi u d\u017eamijama&nbsp;Al Noor i Linwood izvedeni su u razmaku od deset minuta. Ubijeno je najmanje 49 osoba, vi\u0161e od 20 povrije\u0111eno.<\/p>\n\n\n\n<p>Lokalni mediji navode da se me\u0111u poginulima nalaze i petogodi\u0161nja djevoj\u010dica i njezin otac, koje je ubio terorista tokom napada.<\/p>\n\n\n\n<p>Mu\u0161karac koji je preuzeo odgovornost za napad je da je 28-godi\u0161nji Australijanac.<\/p>\n","protected":false},"excerpt":{"rendered":"<p>Gra\u0111ani novozelandskog&nbsp;Christchurcha, u kojem je, u petak, izveden teroristi\u010dki napad, polo\u017eili su cvije\u0107e u blizini d\u017eamije&nbsp;Al Noor, jedne od dvije u kojima je izveden napad, javlja Anadolu Agency (AA). Na ovaj na\u010din su odali po\u010dast \u017ertvama napada koji je izveden, u petak, u vrijeme d\u017euma-namaza, molitve muslimana petkom. Napadi u d\u017eamijama&nbsp;Al Noor i Linwood izvedeni [&hellip;]<\/p>\n","protected":false},"author":59,"featured_media":4557,"comment_status":"open","ping_status":"closed","sticky":false,"template":"","format":"standard","meta":{"inline_featured_image":false,"footnotes":""},"categories":[41,37],"tags":[],"class_list":{"0":"post-4553","1":"post","2":"type-post","3":"status-publish","4":"format-standard","5":"has-post-thumbnail","7":"category-svijet","8":"category-vijesti"},"acf":[],"_links":{"self":[{"href":"https:\/\/tvsensor.com\/api\/wp\/v2\/posts\/4553","targetHints":{"allow":["GET"]}}],"collection":[{"href":"https:\/\/tvsensor.com\/api\/wp\/v2\/posts"}],"about":[{"href":"https:\/\/tvsensor.com\/api\/wp\/v2\/types\/post"}],"author":[{"embeddable":true,"href":"https:\/\/tvsensor.com\/api\/wp\/v2\/users\/59"}],"replies":[{"embeddable":true,"href":"https:\/\/tvsensor.com\/api\/wp\/v2\/comments?post=4553"}],"version-history":[{"count":1,"href":"https:\/\/tvsensor.com\/api\/wp\/v2\/posts\/4553\/revisions"}],"predecessor-version":[{"id":4558,"href":"https:\/\/tvsensor.com\/api\/wp\/v2\/posts\/4553\/revisions\/4558"}],"wp:featuredmedia":[{"embeddable":true,"href":"https:\/\/tvsensor.com\/api\/wp\/v2\/media\/4557"}],"wp:attachment":[{"href":"https:\/\/tvsensor.com\/api\/wp\/v2\/media?parent=4553"}],"wp:term":[{"taxonomy":"category","embeddable":true,"href":"https:\/\/tvsensor.com\/api\/wp\/v2\/categories?post=4553"},{"taxonomy":"post_tag","embeddable":true,"href":"https:\/\/tvsensor.com\/api\/wp\/v2\/tags?post=4553"}],"curies":[{"name":"wp","href":"https:\/\/api.w.org\/{rel}","templated":true}]}}