{"id":4503,"date":"2019-03-15T15:17:16","date_gmt":"2019-03-15T15:17:16","guid":{"rendered":"https:\/\/senzor.ba\/?p=4503"},"modified":"2024-01-15T21:49:33","modified_gmt":"2024-01-15T20:49:33","slug":"video-nagradena-u-velikoj-britaniji-doktorica-psihologije-iz-bih-pomaze-izbjeglicama","status":"publish","type":"post","link":"https:\/\/tvsensor.com\/clanak\/video-nagradena-u-velikoj-britaniji-doktorica-psihologije-iz-bih-pomaze-izbjeglicama\/","title":{"rendered":"(VIDEO) Nagra\u0111ena u Velikoj Britaniji: Doktorica psihologije iz BiH poma\u017ee izbjeglicama"},"content":{"rendered":"\n<p>Emina Had\u017eiosmanovi\u0107 dobitnica je nagrade &#8220;Young Woman of the Year Award&#8221; za 2013. godinu, koju joj je dodijelio pokret &#8220;Women on the Move&#8221; iz Ujedinjenog Kraljevstva Velike Britanije i Sjeverne Irske. <\/p>\n\n\n\n<p>\n\nOvaj pokret nagra\u0111uje i podr\u017eava doprinos \u017eena izbjeglica i migranata, i medija koji se bore protiv predrasuda, podupiru integracije i inspiri\u0161u druge.<\/p>\n\n\n\n<p>Emina je bila djevoj\u010dica kada je stigla u Veliku Britaniju i zapo\u010dela novi \u017eivot u Birminghamu.<\/p>\n\n\n\n<p>&#8211; Imala sam samo \u010detiri godine kada je rat u Sarajevu po\u010deo. Sje\u0107am se kako smo se mama, moja mala sestra i ja krile, dok se na\u0161 otac borio u ratu. Bile smo jako prestra\u0161ene. Nakon nekoliko mjeseci oti\u0161li smo u Hrvatsku, da bi potom brodom stigli u Veliku Britaniju od koje smo zatra\u017eili azil, pri\u010da Emina.<br><\/p>\n\n\n\n<figure class=\"wp-block-image\"><img decoding=\"async\" src=\"https:\/\/mbapi.oslobodjenje.ba\/storage\/images\/0283\/fc43\/1910\/Emina2.jpg\" alt=\"image\" \/><figcaption>Uspomene iz djetinjstva<\/figcaption><\/figure>\n\n\n\n<p>U Birmingham je stigla kada je imala pet godina. Privikavanje na novu sredinu bilo je te\u0161ko, a tome je doprinijela diskriminacija u \u0161koli koju je poha\u0111ala.<\/p>\n\n\n\n<p>&#8211; Djeca, ali i njihovi roditelji, su nas nazivali raznim imenima i govorili nam kako smo ovdje do\u0161li da bi krali od njih. Mnogo puta smo primali prijete\u0107a pisma na na\u0161u adresu. Iako su me pogrdni nadimci boljeli, nisu me sprije\u010dili da budem ono \u0161to \u017eelim da budem, isti\u010de Had\u017eiosmanovi\u0107.<\/p>\n\n\n\n<p>Kroz obrazovanje zavoljela je podu\u010davanje i kreativno pisanje. Znala je da \u017eeli biti neko, i da \u017eeli dokazati svima koji su je omalova\u017eavali da u Velikoj Britaniji nije jer \u017eeli ne\u0161to uzeti, nego jer \u017eeli uzvratiti.<br><br>&#8211; Kada sam upoznala Eminu, imala je 14 godina. Bila sam upoznata sa ve\u0107inom stvari koje su se u \u0161koli tada de\u0161avale. Gledala sam kako se razvija od osobe koja nema samopouzdanja do djevojke koja se \u017eeli ista\u0107i pomaganjem dru\u0161tvu. Emina je jako inteligentna, bri\u017ena i puna potencijala, ka\u017ee Helen Richardson, Eminina profesorica engleskog jezika.<\/p>\n\n\n\n<p>Emina je prije devet godina po\u010dela raditi za BH UK Network, bh. udru\u017eenje, na taj na\u010din poma\u017eu\u0107i Bosancima i Hercegovcima. Ovo udru\u017eenje nastoji pru\u017eiti prakti\u010dnu i psiholo\u0161ku pomo\u0107 pojedincima koji osje\u0107aju posljedice bosanskohercegova\u010dkog rata i danas.<\/p>\n\n\n\n<p>Jedna od njih je Enisa, koja je bila u koncentracionom logoru, a koju Emina posje\u0107uje i kojoj poma\u017ee.<br><\/p>\n\n\n\n<figure class=\"wp-block-image\"><img decoding=\"async\" src=\"https:\/\/mbapi.oslobodjenje.ba\/storage\/images\/0283\/fc43\/1909\/Emina1.jpg\" alt=\"image\" \/><figcaption> Dobitnica nagrade Young Woman of the Year Award <\/figcaption><\/figure>\n\n\n\n<p>&#8211; Emina mi poma\u017ee sa svime &#8211; do\u0111e kod mene, odvede me doktoru, nekada mi pospremi ku\u0107u i dru\u017ei se sa mnom. Pri\u010damo samo o veselim stvarima i osje\u0107am se bolje kada je ona kod mene, ka\u017ee Enisa Nasi\u0107, koja je, tako\u0111er, \u010dlanica udru\u017eenja BH UK Network.<\/p>\n\n\n\n<p>Nakon \u0161to je godinama pomagala bosanskohercegova\u010dkim izbjeglicama u Velikoj Britaniji, odlu\u010dila je posvetiti se doktoratu u oblasti klini\u010dke psihologije kako bi prona\u0161la nove na\u010dine pomo\u0107i onima koji pate od posttraumatskog stresnog poreme\u0107aja. Njen rad temelji se na uticaju rata na psiholo\u0161ko stanje ljudi koji su ga pre\u017eivjeli u Bosni i Hercegovini.<\/p>\n\n\n\n<p>&#8211; Trenutno radimo na terapiji narativnog izlaganja koja se se bavi traumom kroz pri\u010danje pri\u010da, obja\u0161njava Emina.<br><\/p>\n\n\n\n<p> Emina putuje u London gdje radi sa Rain Foundation koji su joj dali stipendiju da pro\u0161iri ovu vrstu terapije na \u0161iru zajednicu izbjeglica. <\/p>\n\n\n\n<figure class=\"wp-block-embed-youtube wp-block-embed is-type-video is-provider-youtube wp-embed-aspect-16-9 wp-has-aspect-ratio\"><div class=\"wp-block-embed__wrapper\">\n<iframe loading=\"lazy\" title=\"Emina Hadziosmanovic - From Exile to Doctorate\" width=\"696\" height=\"392\" src=\"https:\/\/www.youtube.com\/embed\/gknelZZXRkY?feature=oembed&#038;enablejsapi=1\" frameborder=\"0\" allow=\"accelerometer; autoplay; clipboard-write; encrypted-media; gyroscope; picture-in-picture\" allowfullscreen><\/iframe>\n<\/div><\/figure>\n\n\n\n<p>mojabih.oslobodjenje.ba<\/p>\n","protected":false},"excerpt":{"rendered":"<p>Emina Had\u017eiosmanovi\u0107 dobitnica je nagrade &#8220;Young Woman of the Year Award&#8221; za 2013. godinu, koju joj je dodijelio pokret &#8220;Women on the Move&#8221; iz Ujedinjenog Kraljevstva Velike Britanije i Sjeverne Irske. Ovaj pokret nagra\u0111uje i podr\u017eava doprinos \u017eena izbjeglica i migranata, i medija koji se bore protiv predrasuda, podupiru integracije i inspiri\u0161u druge. Emina je [&hellip;]<\/p>\n","protected":false},"author":59,"featured_media":4504,"comment_status":"open","ping_status":"closed","sticky":false,"template":"","format":"standard","meta":{"inline_featured_image":false,"footnotes":""},"categories":[39,37],"tags":[],"class_list":{"0":"post-4503","1":"post","2":"type-post","3":"status-publish","4":"format-standard","5":"has-post-thumbnail","7":"category-dijaspora","8":"category-vijesti"},"acf":[],"_links":{"self":[{"href":"https:\/\/tvsensor.com\/api\/wp\/v2\/posts\/4503","targetHints":{"allow":["GET"]}}],"collection":[{"href":"https:\/\/tvsensor.com\/api\/wp\/v2\/posts"}],"about":[{"href":"https:\/\/tvsensor.com\/api\/wp\/v2\/types\/post"}],"author":[{"embeddable":true,"href":"https:\/\/tvsensor.com\/api\/wp\/v2\/users\/59"}],"replies":[{"embeddable":true,"href":"https:\/\/tvsensor.com\/api\/wp\/v2\/comments?post=4503"}],"version-history":[{"count":1,"href":"https:\/\/tvsensor.com\/api\/wp\/v2\/posts\/4503\/revisions"}],"predecessor-version":[{"id":4505,"href":"https:\/\/tvsensor.com\/api\/wp\/v2\/posts\/4503\/revisions\/4505"}],"wp:featuredmedia":[{"embeddable":true,"href":"https:\/\/tvsensor.com\/api\/wp\/v2\/media\/4504"}],"wp:attachment":[{"href":"https:\/\/tvsensor.com\/api\/wp\/v2\/media?parent=4503"}],"wp:term":[{"taxonomy":"category","embeddable":true,"href":"https:\/\/tvsensor.com\/api\/wp\/v2\/categories?post=4503"},{"taxonomy":"post_tag","embeddable":true,"href":"https:\/\/tvsensor.com\/api\/wp\/v2\/tags?post=4503"}],"curies":[{"name":"wp","href":"https:\/\/api.w.org\/{rel}","templated":true}]}}