{"id":4500,"date":"2019-03-15T12:12:36","date_gmt":"2019-03-15T12:12:36","guid":{"rendered":"https:\/\/senzor.ba\/?p=4500"},"modified":"2024-01-15T21:49:33","modified_gmt":"2024-01-15T20:49:33","slug":"bio-je-izbjeglica-i-zanatlija-danas-njegove-firme-zaposljavaju-blizu-200-ljudi-a-uskoro-otvara-i-trecu-fabriku","status":"publish","type":"post","link":"https:\/\/tvsensor.com\/clanak\/bio-je-izbjeglica-i-zanatlija-danas-njegove-firme-zaposljavaju-blizu-200-ljudi-a-uskoro-otvara-i-trecu-fabriku\/","title":{"rendered":"Bio je izbjeglica i zanatlija: Danas njegove firme zapo\u0161ljavaju blizu 200 ljudi a uskoro otvara i tre\u0107u fabriku"},"content":{"rendered":"\n<h4 class=\"wp-block-heading\">D\u017eenan Ajanovi\u0107 iz Te\u0161nja je kao izbjeglica oti\u0161ao u Hrvatsku, potom u Njema\u010dku. Tamo je zavr\u0161io zanat a da pre\u017eive, majka i on radili su po nekoliko poslova. U\u0161te\u0111evinu je tro\u0161io na opremu koju je slao u Te\u0161anj u kojem je po povratku pokrenuo zanatsku radionicu. Po\u010deo je u u gara\u017ei od nepunih 40 kvadrata a danas njegova kompanija Inox Ajanovi\u0107 na skoro 9.000 metara kvadratnih proizvodi za svjetske lidere u farmaceutskoj, prehrambenoj i medicinskoj industriji i multimilijardere poput Romana Abramovicha. Osim elemenata i konstrukcija od nehr\u0111aju\u0107eg \u010delika ovdje se svakog dana proizvede i 160 dizajnerskih stolica koje se prodaju \u0161irom Evrope. U njegove dvije firme radi blizu 200 ljudi a uskoro \u0107e sa radom po\u010deti i tre\u0107a.<\/h4>\n\n\n\n<p>Ovo je pri\u010da poduzetnika koji je krenuo od nule i sve stvorio sam.<\/p>\n\n\n\n<div class=\"wp-block-image\"><figure class=\"aligncenter\"><a href=\"https:\/\/i0.wp.com\/www.biznisinfo.ba\/wp-content\/uploads\/2019\/03\/inox-ajanovic-7.jpg?ssl=1\"><img decoding=\"async\" src=\"https:\/\/i0.wp.com\/www.biznisinfo.ba\/wp-content\/uploads\/2019\/03\/inox-ajanovic-7.jpg?resize=700%2C526&amp;ssl=1\" alt=\"\" class=\"wp-image-73959\" \/><\/a><\/figure><\/div>\n\n\n\n<p><strong>Od Te\u0161nja do Freiburga i nazad<\/strong><\/p>\n\n\n\n<p>\u201eTe\u0161anj smo napustili u ratu i oti\u0161li u Hrvatsku. Tamo smo proveli godinu i po, nakon \u010dega smo morali oti\u0107i i dalje. Prvo smo do\u0161li u M\u00fcnchen, onda u Freiburg, i tu smo ostali. Prvo smo bili po izbjegli\u010dkim domovima, onda smo dobili neku garsonjericu. Tu sam zavr\u0161io zanat \u2013&nbsp;<strong>konstrukcioni mehani\u010dar medicinskih aparata<\/strong>, gdje smo majka i ja radili po nekoliko poslova da bismo pre\u017eivjeli. Bavio sam se zanatom, ali zarada od toga nije bila toliko dobra, pa sam pored toga istovarao \u0161lepere, zavarivao vinske prese, \u010distio po hotelima, a bio sam i sobarica\u201c, pri\u010da Ajanovi\u0107 za BiznisInfo.<\/p>\n\n\n\n<p>Od novca koji je zara\u0111ivao, godinama je kupovao alat i sitne ma\u0161ine koje je slao u Te\u0161anj. Ka\u017ee da je uvijek imao viziju \u0161ta \u0107e raditi i da je znao da \u0107e imati firmu upravo ovakvu kakva je sada.<\/p>\n\n\n\n<p>\u201eBabo je sve \u0161to sam slao redao i \u010duvao. Tako smo kada sam se vratio ve\u0107 imali dosta opreme i mogli smo po\u010deti raditi\u201c, ka\u017ee on.<\/p>\n\n\n\n<p>Tako je u gara\u017ei od nepunih 40 kvadrata i u ku\u0107i koja je od udara granata jedva stajala po\u010dela pri\u010da o firmi Inox Ajanovi\u0107 koja danas radi poslove kakve radi jo\u0161 samo nekoliko kompanija u Evropi.<\/p>\n\n\n\n<h4 class=\"wp-block-heading\"><strong>Prvi veliki poslovi<\/strong><\/h4>\n\n\n\n<p>\u201eBabo i ja smo po\u010deli pomalo da radimo. Prvo smo radili za slasti\u010dare, za bolnice\u2026 Radili smo limariju, zavarivali, pravili sitni alat\u2026 Sve smo radili ru\u010dno a sje\u0107am se da tada jo\u0161 nisam imao ni rukavice. Nismo imali ni uposlenika, bili smo samo nas dvojica. Ali se moralo raditi da bi se moglo dalje ulagati. I tako smo radili i ulagali\u2026\u201c, pri\u010da nam D\u017eenan.<\/p>\n\n\n\n<div class=\"wp-block-image\"><figure class=\"aligncenter\"><a href=\"https:\/\/i1.wp.com\/www.biznisinfo.ba\/wp-content\/uploads\/2019\/03\/inox-ajanovic-2.jpg?ssl=1\"><img decoding=\"async\" src=\"https:\/\/i1.wp.com\/www.biznisinfo.ba\/wp-content\/uploads\/2019\/03\/inox-ajanovic-2.jpg?resize=700%2C557&amp;ssl=1\" alt=\"\" class=\"wp-image-73953\" \/><\/a><\/figure><\/div>\n\n\n\n<p>Nakon skoro dvije godine, 2000. godine, pokrenuo je zanatsku radnju a uz podr\u0161ku od 18.000,00 KM koje je dobio od&nbsp;<strong>Agencije za obnovu i razvoj njema\u010dke vlade<\/strong>&nbsp;nabavio je dodatnu opremu i opremio dodatni prostor.<\/p>\n\n\n\n<p>\u201eDobro sam iskoristio ta sredstva. Kupili smo opremu a ispred gara\u017ee smo napravili&nbsp; i nadstre\u0161nicu da imamo vi\u0161e prostora za rad. Tada je do\u0161ao i prvi veliki projekat. Za&nbsp;<strong>Bosnalijek<\/strong>&nbsp;smo radili skladi\u0161ne regale od nehr\u0111aju\u0107eg \u010delika\u201c, pri\u010da D\u017eenan.<\/p>\n\n\n\n<p>Nakon prvog, do\u0161ao je i drugi, pa tre\u0107i projekat\u2026 Inox Ajanovi\u0107 polako se razvijao pa je od radionice u kojoj su na po\u010detku radili sami D\u017eenan i njegov otac, po\u010deo zapo\u0161ljavati sve vi\u0161e ljudi.<\/p>\n\n\n\n<div class=\"wp-block-image\"><figure class=\"aligncenter\"><a href=\"https:\/\/i2.wp.com\/www.biznisinfo.ba\/wp-content\/uploads\/2019\/03\/inox-ajanovic-5.jpg?ssl=1\"><img decoding=\"async\" src=\"https:\/\/i2.wp.com\/www.biznisinfo.ba\/wp-content\/uploads\/2019\/03\/inox-ajanovic-5.jpg?resize=700%2C466&amp;ssl=1\" alt=\"\" class=\"wp-image-73956\" \/><\/a><\/figure><\/div>\n\n\n\n<p>\u201eJa sam tek 2011. godine osnovao d.o.o., a do tada smo vjerovatno bili SZR sa najve\u0107im prometom i dobiti u cijeloj zemlji\u201c, ka\u017ee D\u017eenan.<\/p>\n\n\n\n<h4 class=\"wp-block-heading\"><strong>Izlazak na inostrano tr\u017ei\u0161te<\/strong><\/h4>\n\n\n\n<p>U toku 2005. i 2006. godine do\u0161li su i prvi poslovi sa inostranstvom a posao je, uprkos strahovima, procvat do\u017eivio upravo u vrijeme ekonomske krize i recesije tokom 2008. godine.<\/p>\n\n\n\n<p>D\u017eenan ka\u017ee kako je to bilo vrijeme kada su opstali samo oni koji su najkvalitetniji dok su mnogi drugi u to vrijeme okon\u010dali svoje poslovanje.<\/p>\n\n\n\n<p>\u201eNas je spasilo \u0161to nismo bili previ\u0161e usko profilisani, mogli smo se uklopiti u razli\u010dite industrije i proizvodne programe. Sa druge strane, stranim partnerima smo bili interesantni jer smo se dokazali kao pouzdan partner. Tada smo nau\u010dili da je jedna od najva\u017enijih stvari, osim kvaliteta, po\u0161tivanje roka isporuke\u201c, pri\u010da nam Ajanovi\u0107.<\/p>\n\n\n\n<p>Dobili su podr\u0161ku i od&nbsp;<strong>SIPO-a (Swis import promotion program \u0161vicarskog ministarstva ekonomije)<\/strong>&nbsp;zahvaljuju\u0107i kojoj su obi\u0161li brojne sajmove i ostvarili brojne kontakte od kojih sa mnogima i dalje sara\u0111uju.<\/p>\n\n\n\n<p>U Inox Ajanovi\u0107 se danas u dvije smjene izra\u0111uju hiljade komponenti i gotovih elemenata i to za svjetske lidere u proizvodnji kafe, medicinske opreme, prehrambenoj industriji.<\/p>\n\n\n\n<h4 class=\"wp-block-heading\"><strong>Me\u0111u najboljima u Evropi<\/strong><\/h4>\n\n\n\n<p>\u201eOvo \u0161to mi radimo, tu vrstu zavarivanja, poliranja i zavr\u0161ne obrade rade samo tri firme u Evropi. Mi obra\u0111ujemo nehr\u0111aju\u0107i \u010delik, zna\u010di nije u pitanju nikakav specijalni materijal nego je u pitanju obrada. Na po\u010detku smo pravili i mi dosta gre\u0161aka ali zahvaljuju\u0107i zahtjevnim klijentima izbrusili smo svoje vje\u0161tine do savr\u0161enstva\u201c, ka\u017ee nam D\u017eenan.<\/p>\n\n\n\n<div class=\"wp-block-image\"><figure class=\"aligncenter\"><a href=\"https:\/\/i2.wp.com\/www.biznisinfo.ba\/wp-content\/uploads\/2019\/03\/inox-ajanovic-3.jpg?ssl=1\"><img decoding=\"async\" src=\"https:\/\/i2.wp.com\/www.biznisinfo.ba\/wp-content\/uploads\/2019\/03\/inox-ajanovic-3.jpg?resize=700%2C411&amp;ssl=1\" alt=\"\" class=\"wp-image-73954\" \/><\/a><\/figure><\/div>\n\n\n\n<p>Da se nesumnjivo radi o vrhunskom kvalitetu, govori i podatak da su u Inoxovim halama u Te\u0161nju proizvedene ograde za \u010detiri jahte ruskog multimilijardera&nbsp;<strong>Romana Abramovicha<\/strong>.<\/p>\n\n\n\n<h4 class=\"wp-block-heading\"><strong>Dizajnerski namje\u0161taj za zahtjevna tr\u017ei\u0161ta<\/strong><\/h4>\n\n\n\n<p>Prije 3 i po godine Ajanovi\u0107 je, zajedno sa holandskim partnerom, osnovao jo\u0161 jednu kompaniju.&nbsp;<strong>AP Atelier d.o.o.<\/strong>&nbsp;je firma specijalizovana za proizvodnju dizajnerskih stolica brenda<strong>&nbsp;Bert Plantagie<\/strong>&nbsp;a u pogonima fabrike sedmi\u010dno se proizvede 800 stolica.<\/p>\n\n\n\n<p>U najkra\u0107em roku ovaj broj \u0107e biti pove\u0107an na 1200 komada.<\/p>\n\n\n\n<p>\u201eCilj je 240 stolica dnevno, trenutna brojka iznosi 160. Tu se prave desetine modela koji se prodaju na tr\u017ei\u0161tu \u0160vicarske, Holandije, Njema\u010dke, Austrije, Skandinavije. Uskoro \u0107e ovdje biti preba\u010den i ostatak proizvodnje iz Poljske\u201c, ka\u017ee Ajanovi\u0107.<\/p>\n\n\n\n<p>Dvije firme danas upo\u0161ljavaju ukupno 180 radnika iz Te\u0161nja, Tesli\u0107a, Doboja, Maglaja.<\/p>\n\n\n\n<div class=\"wp-block-image\"><figure class=\"aligncenter\"><a href=\"https:\/\/i1.wp.com\/www.biznisinfo.ba\/wp-content\/uploads\/2019\/03\/inox-ajanovic-6.jpg?ssl=1\"><img decoding=\"async\" src=\"https:\/\/i1.wp.com\/www.biznisinfo.ba\/wp-content\/uploads\/2019\/03\/inox-ajanovic-6.jpg?resize=700%2C467&amp;ssl=1\" alt=\"\" class=\"wp-image-73957\" \/><\/a><\/figure><\/div>\n\n\n\n<p>Proizvodnja se odvija na skoro 9000 kvadratnih metara, u pogonima opremljenim po najvi\u0161im standardima.<\/p>\n\n\n\n<h4 class=\"wp-block-heading\"><strong>Nova investicija, jo\u0161 jedna proizvodna hala<\/strong><\/h4>\n\n\n\n<p>Najnovija hala povr\u0161ine 2.700 metara kvadratnih upravo je zavr\u0161ena i \u010deka tehni\u010dki prijem, a u planu je izgradnja jo\u0161 jedne proizvodne hale.<\/p>\n\n\n\n<p>\u201eU sljede\u0107ih par mjeseci pravi\u0107emo i tre\u0107u fabriku koja \u0107e biti smje\u0161tena u \u010detvrtoj proizvodnoj hali. Prostira\u0107e se na najmanje 5000 metara kvadratnih gdje \u0107e biti zaposleno najmanje 60 ljudi. U fabrici \u0107e se praviti namje\u0161taj od masiva i to najvi\u0161eg kvaliteta\u201c, ka\u017ee nam Ajanovi\u0107.<\/p>\n\n\n\n<p>Dvije firme izvoze 95 posto proizvodnje a i u BiH imaju nekoliko dobrih kupaca. Zajedno ostvaruju promet od 14,5 miliona KM a svake godine rastu jo\u0161 po 20 posto.<\/p>\n\n\n\n<div class=\"wp-block-image\"><figure class=\"aligncenter\"><a href=\"https:\/\/i1.wp.com\/www.biznisinfo.ba\/wp-content\/uploads\/2019\/03\/inox-ajanovic-1.jpg?ssl=1\"><img decoding=\"async\" src=\"https:\/\/i1.wp.com\/www.biznisinfo.ba\/wp-content\/uploads\/2019\/03\/inox-ajanovic-1.jpg?resize=700%2C467&amp;ssl=1\" alt=\"\" class=\"wp-image-73952\" \/><\/a><\/figure><\/div>\n\n\n\n<h4 class=\"wp-block-heading\"><strong>Ostvarenje sna<\/strong><\/h4>\n\n\n\n<p>\u201eJa sam uvijek bio ambiciozan i ta\u010dno sam znao kako \u0107e sve ovo izgledati. Nije mi bilo toliko stalo do novca, htio sam da ostvarim svoju viziju. Ali kad bih morao sve ponovo, ne vjerujem da bih mogao. Nisam bio svjestan koliko je te\u0161ko sve ovo posti\u0107i, koliko je uspona i padova poslije kojih morate ustati i nastaviti dalje i nau\u010diti ne\u0161to iz njih. Mene je spasilo \u0161to nikada nisam previ\u0161e razmi\u0161ljao unaprijed kako \u0107u ne\u0161to uraditi jer da jesam mnoge od ovih stvari mo\u017eda ne bih nikada postigao\u201c, zaklju\u010duje D\u017eenan.<\/p>\n\n\n\n<p>biznisinfo.ba<\/p>\n","protected":false},"excerpt":{"rendered":"<p>D\u017eenan Ajanovi\u0107 iz Te\u0161nja je kao izbjeglica oti\u0161ao u Hrvatsku, potom u Njema\u010dku. Tamo je zavr\u0161io zanat a da pre\u017eive, majka i on radili su po nekoliko poslova. U\u0161te\u0111evinu je tro\u0161io na opremu koju je slao u Te\u0161anj u kojem je po povratku pokrenuo zanatsku radionicu. Po\u010deo je u u gara\u017ei od nepunih 40 kvadrata [&hellip;]<\/p>\n","protected":false},"author":59,"featured_media":4501,"comment_status":"open","ping_status":"closed","sticky":false,"template":"","format":"standard","meta":{"inline_featured_image":false,"footnotes":""},"categories":[43,39,42,75,69,37,65],"tags":[],"class_list":{"0":"post-4500","1":"post","2":"type-post","3":"status-publish","4":"format-standard","5":"has-post-thumbnail","7":"category-bih","8":"category-dijaspora","9":"category-ekonomija","10":"category-intervju","11":"category-ponos-bih","12":"category-vijesti","13":"category-vise"},"acf":[],"_links":{"self":[{"href":"https:\/\/tvsensor.com\/api\/wp\/v2\/posts\/4500","targetHints":{"allow":["GET"]}}],"collection":[{"href":"https:\/\/tvsensor.com\/api\/wp\/v2\/posts"}],"about":[{"href":"https:\/\/tvsensor.com\/api\/wp\/v2\/types\/post"}],"author":[{"embeddable":true,"href":"https:\/\/tvsensor.com\/api\/wp\/v2\/users\/59"}],"replies":[{"embeddable":true,"href":"https:\/\/tvsensor.com\/api\/wp\/v2\/comments?post=4500"}],"version-history":[{"count":1,"href":"https:\/\/tvsensor.com\/api\/wp\/v2\/posts\/4500\/revisions"}],"predecessor-version":[{"id":4502,"href":"https:\/\/tvsensor.com\/api\/wp\/v2\/posts\/4500\/revisions\/4502"}],"wp:featuredmedia":[{"embeddable":true,"href":"https:\/\/tvsensor.com\/api\/wp\/v2\/media\/4501"}],"wp:attachment":[{"href":"https:\/\/tvsensor.com\/api\/wp\/v2\/media?parent=4500"}],"wp:term":[{"taxonomy":"category","embeddable":true,"href":"https:\/\/tvsensor.com\/api\/wp\/v2\/categories?post=4500"},{"taxonomy":"post_tag","embeddable":true,"href":"https:\/\/tvsensor.com\/api\/wp\/v2\/tags?post=4500"}],"curies":[{"name":"wp","href":"https:\/\/api.w.org\/{rel}","templated":true}]}}