{"id":4491,"date":"2019-03-15T08:44:13","date_gmt":"2019-03-15T08:44:13","guid":{"rendered":"https:\/\/senzor.ba\/?p=4491"},"modified":"2024-01-15T21:49:33","modified_gmt":"2024-01-15T20:49:33","slug":"afera-selefije-mektic-na-saslusanju-u-tuzilastvu-bih","status":"publish","type":"post","link":"https:\/\/tvsensor.com\/clanak\/afera-selefije-mektic-na-saslusanju-u-tuzilastvu-bih\/","title":{"rendered":"Afera &#8220;selefije&#8221;: Mekti\u0107 na saslu\u0161anju u Tu\u017eila\u0161tvu BiH"},"content":{"rendered":"\n<p>Naime, formiran je predmet koji je dat u rad tu\u017eitelju Posebnog odjela za organizirani kriminal, gospodarski kriminal i korupciju, koji \u0107e poduzeti \u017eurne aktivnosti, kako bi se utvrdile sve okolnosti i navodi izneseni u medijima, koji se odnose na navodno vrbovanje pripadnika selefijskog pokreta za krijum\u010darenje naoru\u017eanja u BiH.<\/p>\n\n\n\n<p>U okviru predmeta bit \u0107e ispitane sve osobe koje su iznosile navode i saznanja o navedenim aktivnostima, a o kojima Tu\u017eiteljstvo nije informirano, niti su de\u0161avanja prijavljena Tu\u017eiteljstvu BiH, saop\u0107eno je iz te institucije.<\/p>\n\n\n\n<p>&#8220;Ministar sigurnosti BiH Dragan Mekti\u0107 bit \u0107e pozvan i saslu\u0161an o svim detaljima koje je iznio u medijskim izjavama, a o kojima Tu\u017eiteljstvu nije podnesena nikakva prijava, niti izvje\u0161taj od nadle\u017enih agencija za provo\u0111enje zakona&#8221;, navodi se u saop\u0107enju.<br>Ministar sigurnosti BiH Dragan Mekti\u0107 potvrdio je za Vijesti.ba da \u0107e se odazvati najavljenom pozivu na saslu\u0161anje.&nbsp;<br>&#8211; &#8220;Ako Tu\u017eila\u0161tvo BiH \u017eeli ne\u0161to da uradi, ne treba da zove Dragana Mekti\u0107a, nego se treba obratiti nadle\u017enim sigurnosnim agencijama u BiH kako bi im dostavili kompletnu informaciju i sve ono \u0161to je zadokumentovano. Poslije toga, ako treba da im ne\u0161to objasnim, neka me zovu. Naravno da \u0107u se odazvati njihovom pozivu i re\u0107i im da informacije zatra\u017ee od nadle\u017enih agencija i to \u0107e dobiti, a onda neka odlu\u010duju ho\u0107e li otvarati predmet&#8221;, rekao nam je Mekti\u0107.<\/p>\n\n\n\n<p>Mekti\u0107 u razgovoru&nbsp; ka\u017ee da sumnja u aktivnosti Tu\u017eila\u0161tva BiH.<\/p>\n\n\n\n<p>&#8220;Sumnjam da \u0107e i\u0161ta uraditi, jer ni do sada nisu uradili ni\u0161ta ni u ovakvim niti u sli\u010dnim okolnostima. Tu\u017eila\u0161tvo BiH samo \u0161alje saop\u0161tenja o tome da je otvorilo spis, predmet i sli\u010dno. Ja im ni\u0161ta ne vjerujem&#8221;, konstatovao je Mekti\u0107.<\/p>\n\n\n\n<p>face.ba<\/p>\n","protected":false},"excerpt":{"rendered":"<p>Naime, formiran je predmet koji je dat u rad tu\u017eitelju Posebnog odjela za organizirani kriminal, gospodarski kriminal i korupciju, koji \u0107e poduzeti \u017eurne aktivnosti, kako bi se utvrdile sve okolnosti i navodi izneseni u medijima, koji se odnose na navodno vrbovanje pripadnika selefijskog pokreta za krijum\u010darenje naoru\u017eanja u BiH. U okviru predmeta bit \u0107e ispitane [&hellip;]<\/p>\n","protected":false},"author":59,"featured_media":4492,"comment_status":"open","ping_status":"closed","sticky":false,"template":"","format":"standard","meta":{"inline_featured_image":false,"footnotes":""},"categories":[37,38],"tags":[],"class_list":{"0":"post-4491","1":"post","2":"type-post","3":"status-publish","4":"format-standard","5":"has-post-thumbnail","7":"category-vijesti","8":"category-vijesti-iz-bih"},"acf":[],"_links":{"self":[{"href":"https:\/\/tvsensor.com\/api\/wp\/v2\/posts\/4491","targetHints":{"allow":["GET"]}}],"collection":[{"href":"https:\/\/tvsensor.com\/api\/wp\/v2\/posts"}],"about":[{"href":"https:\/\/tvsensor.com\/api\/wp\/v2\/types\/post"}],"author":[{"embeddable":true,"href":"https:\/\/tvsensor.com\/api\/wp\/v2\/users\/59"}],"replies":[{"embeddable":true,"href":"https:\/\/tvsensor.com\/api\/wp\/v2\/comments?post=4491"}],"version-history":[{"count":2,"href":"https:\/\/tvsensor.com\/api\/wp\/v2\/posts\/4491\/revisions"}],"predecessor-version":[{"id":4494,"href":"https:\/\/tvsensor.com\/api\/wp\/v2\/posts\/4491\/revisions\/4494"}],"wp:featuredmedia":[{"embeddable":true,"href":"https:\/\/tvsensor.com\/api\/wp\/v2\/media\/4492"}],"wp:attachment":[{"href":"https:\/\/tvsensor.com\/api\/wp\/v2\/media?parent=4491"}],"wp:term":[{"taxonomy":"category","embeddable":true,"href":"https:\/\/tvsensor.com\/api\/wp\/v2\/categories?post=4491"},{"taxonomy":"post_tag","embeddable":true,"href":"https:\/\/tvsensor.com\/api\/wp\/v2\/tags?post=4491"}],"curies":[{"name":"wp","href":"https:\/\/api.w.org\/{rel}","templated":true}]}}