{"id":4490,"date":"2019-03-15T08:57:29","date_gmt":"2019-03-15T08:57:29","guid":{"rendered":"https:\/\/senzor.ba\/?p=4490"},"modified":"2024-01-15T21:49:33","modified_gmt":"2024-01-15T20:49:33","slug":"ubica-je-streljao-muslimane-u-dzamijama-uz-pjesmu-karadzicu-povedi-srbe-svoje-koji-se-nikoga-ne-boje","status":"publish","type":"post","link":"https:\/\/tvsensor.com\/clanak\/ubica-je-streljao-muslimane-u-dzamijama-uz-pjesmu-karadzicu-povedi-srbe-svoje-koji-se-nikoga-ne-boje\/","title":{"rendered":"Ubica je streljao muslimane u d\u017eamijama uz pjesmu: &#8220;Karad\u017ei\u0107u povedi Srbe svoje koji se nikoga ne boje&#8221;"},"content":{"rendered":"\n<p>Premijerka Novog Zelanda Jacinda Ardern potvrdila je da je ubijeno 40 ljudi u novozelandskom gradu Christchurch, dok je najmanje 20 osoba povrije\u0111eno u napadima na d\u017eamije u tome gradu.<\/p>\n\n\n\n<p>U oru\u017eanom napadu na dvije d\u017eamije u novozelandskom gradu Christchurchu u petak je ubijeno najmanje 40, povrije\u0111eno oko 100 osoba, a zasad je uhap\u0161eno nekoliko osumnji\u010denih napada\u010da, potvrdila je tamo\u0161nja policija.<\/p>\n\n\n\n<p><strong>Mirza Hajri\u0107<\/strong>, ambasador BiH na Novom Zelandu kazao je za N1 da je napada\u010d snimao svoj krvavi pohod i da postoji uznemiruju\u0107i snimak od 17 minuta. Na njemu se vidi kako ubica strelja muslimanske vjernike. Hajri\u0107 je istakao da se na snimku \u010duje kako monstrum koji je ubio 40 ljudi slu\u0161a srpske nacionalisti\u010dke pjesme koje slave Karad\u017ei\u0107a.<\/p>\n\n\n\n<p>&#8220;Ubijao je uz pjesmu &#8220;Karad\u017ei\u0107u povedi&nbsp; Srbe svoje koji se nikoga ne boje&#8230;&#8221;, kazao je ambasador Hajri\u0107.<\/p>\n\n\n\n<p>Ubica je kameru imao pri\u010dvr\u0161\u0107enu za kacigu koju je nosio na glavi dok je pucao. Policija je pozvala gra\u0111ane da ne dijele tu snimku koja je, kako navode, &#8216;izrazito uznemiruju\u0107a&#8217;.<\/p>\n\n\n\n<p>Hajri\u0107 je za gledatelje N1 objasnio \u0161ta se nalazi na snimku kojeg je napada\u010d snimao tokom teroristi\u010dkog \u010dina.<\/p>\n\n\n\n<p><strong>&#8220;Nemamo jasne informacije da li neko od ubijenih i povrije\u0111enih iz BiH. Ono \u0161to posebno zabrinjava nas iz Bosne i Hercegovine je \u0161to je ubica koji je bijelac i ro\u0111en je u Australiji, prilikom direktnog snimka koji je postavljen na dru\u0161tvenim mre\u017eama, na putu za d\u017eamije gdje je po\u010dinio masakr slu\u0161ao \u010detni\u010dke pjesme, pjesme srpskih nacionalista u kojima se pominje Radovan Karad\u017ei\u0107, koji treba da vodi Srbi koji se nikoga ne boji, i spominju se usta\u0161e i Turci koje treba pobiti&#8221;,<\/strong>&nbsp;kazao je Hajri\u0107 za N1.<\/p>\n\n\n\n<p><strong>&#8220;To je ne\u0161to \u0161to je zaista nevjerovatno&#8221;,<\/strong>&nbsp;naveo je amabasador BiH u Australiji.<\/p>\n\n\n\n<p><strong>&#8220;Snimak imam, grozan je. Pokazuje ubistva makar 20 ljudi. Radio je direktni prenos ubistva. Prikazuje vo\u017enju, GPS upravlja do adrese gdje \u0107e izvr\u0161iti zlo\u010dine. Pu\u0161ke su i\u0161arane nekim porukama protiv imigranata, muslimana, islama. Tokom te vo\u017enje slu\u0161a srpsku nacionalisti\u010dku pjesmu &#8216;Karad\u017ei\u0107u povedi Srbe svoje koji se nikog ne boje&#8217; \u0161to je izuzetno zbunjuju\u0107e&#8221;<\/strong>&nbsp;<\/p>\n\n\n\n<p><strong>&#8220;Uzima pu\u0161ke i ubija desetine ljudi. Snimak je u\u017easan. Jednostavno ne mo\u017eemo sebi da do\u0111emo, iako smo na\u017ealost u istoriji Bosne i Hercegovine svjedo\u010dili takvim scenama. Ponovo nam se vra\u0107aju slike Srebrenice i maskara&#8221;<\/strong>, izjavio je Hajri\u0107.<\/p>\n\n\n\n<p>On je rekao da su do sada uhap\u0161ene tri osobe, me\u0111u kojima je i osoba sa snimka, a zadr\u017eana je i jedna \u017eena.<\/p>\n\n\n\n<p><strong>&#8220;Nije isklju\u010deno da je bilo jo\u0161 ljudi uklju\u010denih. Stru\u010dnjaci ka\u017eu da se radi o akciji koja je morala uklju\u010divati vi\u0161e ljudi. U ovom momentu znamo da su \u010detiri osobe zadr\u017eane&#8221;<\/strong>, poru\u010dio je Hajri\u0107.<\/p>\n\n\n\n<p>Stanje je vanredno, potvrdio je Hajri\u0107, kazav\u0161i da se o\u010dekuje da \u0107e sigurnosne snage Novog Zelanda u narednih 50 sati prona\u0107i nove detalje oko teroristi\u010dkog napada.<\/p>\n\n\n\n<p>Sve d\u017eamije, \u0161kole i druge institucije u gradu su bi\u0107e zatvorene 48 sati, a svim gra\u0111anima koji su u centru grada nare\u0111eno je da ostanu u zatvorenim prostorima do daljnjega.<\/p>\n\n\n\n<p>face.ba<\/p>\n","protected":false},"excerpt":{"rendered":"<p>Premijerka Novog Zelanda Jacinda Ardern potvrdila je da je ubijeno 40 ljudi u novozelandskom gradu Christchurch, dok je najmanje 20 osoba povrije\u0111eno u napadima na d\u017eamije u tome gradu. U oru\u017eanom napadu na dvije d\u017eamije u novozelandskom gradu Christchurchu u petak je ubijeno najmanje 40, povrije\u0111eno oko 100 osoba, a zasad je uhap\u0161eno nekoliko osumnji\u010denih [&hellip;]<\/p>\n","protected":false},"author":59,"featured_media":4495,"comment_status":"open","ping_status":"closed","sticky":false,"template":"","format":"standard","meta":{"inline_featured_image":false,"footnotes":""},"categories":[41,37],"tags":[],"class_list":{"0":"post-4490","1":"post","2":"type-post","3":"status-publish","4":"format-standard","5":"has-post-thumbnail","7":"category-svijet","8":"category-vijesti"},"acf":[],"_links":{"self":[{"href":"https:\/\/tvsensor.com\/api\/wp\/v2\/posts\/4490","targetHints":{"allow":["GET"]}}],"collection":[{"href":"https:\/\/tvsensor.com\/api\/wp\/v2\/posts"}],"about":[{"href":"https:\/\/tvsensor.com\/api\/wp\/v2\/types\/post"}],"author":[{"embeddable":true,"href":"https:\/\/tvsensor.com\/api\/wp\/v2\/users\/59"}],"replies":[{"embeddable":true,"href":"https:\/\/tvsensor.com\/api\/wp\/v2\/comments?post=4490"}],"version-history":[{"count":1,"href":"https:\/\/tvsensor.com\/api\/wp\/v2\/posts\/4490\/revisions"}],"predecessor-version":[{"id":4496,"href":"https:\/\/tvsensor.com\/api\/wp\/v2\/posts\/4490\/revisions\/4496"}],"wp:featuredmedia":[{"embeddable":true,"href":"https:\/\/tvsensor.com\/api\/wp\/v2\/media\/4495"}],"wp:attachment":[{"href":"https:\/\/tvsensor.com\/api\/wp\/v2\/media?parent=4490"}],"wp:term":[{"taxonomy":"category","embeddable":true,"href":"https:\/\/tvsensor.com\/api\/wp\/v2\/categories?post=4490"},{"taxonomy":"post_tag","embeddable":true,"href":"https:\/\/tvsensor.com\/api\/wp\/v2\/tags?post=4490"}],"curies":[{"name":"wp","href":"https:\/\/api.w.org\/{rel}","templated":true}]}}