{"id":4482,"date":"2019-03-15T08:37:00","date_gmt":"2019-03-15T08:37:00","guid":{"rendered":"https:\/\/senzor.ba\/?p=4482"},"modified":"2024-01-15T21:49:33","modified_gmt":"2024-01-15T20:49:33","slug":"novi-zeland-49-ubijenih-u-napadu-na-dvije-dzamije","status":"publish","type":"post","link":"https:\/\/tvsensor.com\/clanak\/novi-zeland-49-ubijenih-u-napadu-na-dvije-dzamije\/","title":{"rendered":"Novi Zeland: 49 ubijenih u napadu na dvije d\u017eamije"},"content":{"rendered":"\n<p>Napada\u010di koji su upali u dvije d\u017eamije u&nbsp;novozelandskom gradu Christchurch ubili su najmanje 49&nbsp;osoba, u najgorem napadu koji se desio u ovoj pacifi\u010dkoj dr\u017eavi.<\/p>\n\n\n\n<p>Kako je navela premijerka Novog Zelanda Jacinda Ardern, pribli\u017eno 20 ljudi u kriti\u010dnom stanju nakon teroristi\u010dkog napada.<\/p>\n\n\n\n<p>Ona je na ranijoj konferenciji za novinare&nbsp;kazala kako je 30 osoba ubijeno u d\u017eamiji Masjid Al Noor, dok je deset ljudi ubijeno&nbsp;u d\u017eamiji u \u010detvrti&nbsp;Linwood.<\/p>\n\n\n\n<p>&#8220;Jasno je da je ovdje rije\u010d o teroristi\u010dkim&nbsp;napadima&#8221;, rekla je Ardern.<\/p>\n\n\n\n<p>Dodala je da je na&nbsp;Novom&nbsp;Zelandu progla\u0161eno stanje povi\u0161ene sigurnosne pripravnosti te da su napada\u010di&nbsp;ranije izra\u017eavali &#8220;ekstremisti\u010dke stavove&#8221;, ali nisu bili na policijskim popisima pra\u0107enih osoba.<\/p>\n\n\n\n<p>&#8220;Iz onoga \u0161to znamo, \u010dini se da je napad bio dobro isplaniran. Dvije eksplozivne naprave prika\u010dene na vozila osumnji\u010denog sada su prona\u0111ene&#8221;, rekla je Ardern, dodav\u0161i da su \u010detiri osobe uhap\u0161ene, a jedna od njih je javno navela da je ro\u0111ena u Australiji.<\/p>\n\n\n\n<p>Pribli\u017eno 48 osoba, me\u0111u kojima ima i djece, zbrinuto je u bolnici u Christchurch nakon napada na dvije d\u017eamije, objavile su novozelandske vlasti.&nbsp;Isti\u010du kako ozbiljnost rana i povreda varira od lak\u0161ih do kriti\u010dnih.<\/p>\n\n\n\n<h4 class=\"wp-block-heading\">Kori\u0161teni&nbsp;automatsko oru\u017eje i eksploziv<\/h4>\n\n\n\n<p>&#8220;Ovo su ljudi za koje bih opisala da imaju ekstremisti\u010dka gledi\u0161ta, za koje apsolutno nema mjesta u Novom Zelandu, odnosno u svijetu. Dok u ovoj fazi nemamo razloga vjerovati&nbsp;da postoje drugi osumnji\u010deni, ne\u0107emo to za sada pretpostaviti. Udru\u017eene obavje\u0161tajne grupe su anga\u017eirane i policija ula\u017ee sve svoje resurse u ovu situaciju. Odbrambene snage trenutno raspore\u0111uju dodatno policijsko osoblje u tu regiju&#8221;.<\/p>\n\n\n\n<p>Premijerka je kazala da je bila u kontaktu s&nbsp;australskim premijerom&nbsp;Scottom Morrisonom, ali da se nije \u010dula s&nbsp;drugim svjetskim liderima.<\/p>\n\n\n\n<p>Mediji navode izjave&nbsp;svjedoka da su&nbsp;u napadima kori\u0161teni&nbsp;automatsko oru\u017eje i eksploziv.<\/p>\n\n\n\n<p>Komesar policije Mike Bush kazao je kako su \u010detiri osumnji\u010dene osobe u zatvoru \u2013 tri mu\u0161karca i \u017eena \u2013 te dodao: &#8220;Ne\u0107emo pretpostavljati da je opasnost pro\u0161la&#8221;.<\/p>\n\n\n\n<p>On je dodao kako postoji &#8220;zna\u010dajan&#8221;&nbsp;i &#8220;veliki&#8221;&nbsp;broj \u017ertava.<\/p>\n\n\n\n<p>Premijer Australije je&nbsp;u obra\u0107anju naciji potvrdio&nbsp;kako je jedan od napada\u010da 28-godi\u0161njak ro\u0111en u Australiji, koji je sada uhap\u0161en.<\/p>\n\n\n\n<p>Kazao je kako se radi o napadu ekstremnih desni\u010dara.<\/p>\n\n\n\n<figure class=\"wp-block-embed-twitter wp-block-embed is-type-rich is-provider-twitter\"><div class=\"wp-block-embed__wrapper\">\n<blockquote class=\"twitter-tweet\" data-width=\"550\" data-dnt=\"true\"><p lang=\"en\" dir=\"ltr\">Two mosques have been attacked in New Zealand by gunmen resulting in a &#39;number of fatalities&#39;. Police have arrested four suspects &#8211; 3 men and a woman.<br><br>More on the story: <a href=\"https:\/\/t.co\/Gdd9rC12X9\">https:\/\/t.co\/Gdd9rC12X9<\/a> <a href=\"https:\/\/t.co\/kJTLzziAru\">pic.twitter.com\/kJTLzziAru<\/a><\/p>&mdash; Al Jazeera English (@AJEnglish) <a href=\"https:\/\/twitter.com\/AJEnglish\/status\/1106428559525138433?ref_src=twsrc%5Etfw\">March 15, 2019<\/a><\/blockquote><script async src=\"https:\/\/platform.twitter.com\/widgets.js\" charset=\"utf-8\"><\/script>\n<\/div><\/figure>\n\n\n\n<p>Sam Clarke, reporter medijske ku\u0107e TVNZ, razgovarao je s&nbsp;nekoliko osoba u d\u017eamiji Masjid Al Noor kada je pucnjava po\u010dela.<\/p>\n\n\n\n<p>On je za Al Jazeeru naveo kako je \u010dovjek s&nbsp;automatskom pu\u0161kom u\u0161ao u bogomolju i po\u010deo pucati.<\/p>\n\n\n\n<p>&#8220;Naoru\u017eana osoba, obu\u010dena u crno i s\u00a0kacigom i automatskom pu\u0161kom, u\u0161la je kroz stra\u017enji dio u d\u017eamiju i po\u010dela pucati na ljude koji su se tamo molili&#8221;, naveo je Clarke.<\/p>\n\n\n\n<figure class=\"wp-block-embed-twitter wp-block-embed is-type-rich is-provider-twitter\"><div class=\"wp-block-embed__wrapper\">\n<blockquote class=\"twitter-tweet\" data-width=\"550\" data-dnt=\"true\"><p lang=\"en\" dir=\"ltr\">Man who identified himself as Brenton Tarrant, 28, of Australia filmed self just before live streaming mass shooting at mosque in Christchurch, New Zealand <a href=\"https:\/\/t.co\/UowqUymsD2\">pic.twitter.com\/UowqUymsD2<\/a><\/p>&mdash; Matthew Keys (@MatthewKeysLive) <a href=\"https:\/\/twitter.com\/MatthewKeysLive\/status\/1106389821000343553?ref_src=twsrc%5Etfw\">March 15, 2019<\/a><\/blockquote><script async src=\"https:\/\/platform.twitter.com\/widgets.js\" charset=\"utf-8\"><\/script>\n<\/div><\/figure>\n\n\n\n<figure class=\"wp-block-embed-twitter wp-block-embed is-type-rich is-provider-twitter\"><div class=\"wp-block-embed__wrapper\">\nhttps:\/\/twitter.com\/MatthewKeysLive\/status\/1106397934499717120?ref_src=twsrc%5Etfw%7Ctwcamp%5Etweetembed%7Ctwterm%5E1106397934499717120&#038;ref_url=http%3A%2F%2Fbalkans.aljazeera.net%2Fvijesti%2Fnovi-zeland-49-ubijenih-u-napadu-na-dvije-dzamije\n<\/div><\/figure>\n\n\n\n<p>Lokalni mediji prenose fotografije kako je jedan od napada\u010da na oru\u017eju imao ispisana imena cara Lazara, Milo\u0161a Obili\u0107a i drugih historijskih ili kulturolo\u0161kih li\u010dnosti Srbije i Crne Gore.<\/p>\n\n\n\n<p>Tako\u0111er se navodi kako je na svom Facebook profilu, koji je sada uga\u0161en, u\u017eivo prenosio napad, spominjao napada\u010de na d\u017eamije u Italiji i Kanadi, te se \u0161pekulira kako je taj napada\u010d iz Australije Brenton Tarrant (28).<\/p>\n\n\n\n<h4 class=\"wp-block-heading\">Situacija na vi\u0161e lokacija<\/h4>\n\n\n\n<p>Policija je potvrdila kako se druga pucnjava desila u d\u017eamiji Linwood tokom molitve petkom, ali nije ponudila vi\u0161e detalja.<\/p>\n\n\n\n<p>&#8220;Imamo situaciju koja se razvija na vi\u0161e lokacija. Ovo \u0107e biti, i ve\u0107 jeste, jedan od najcrnjih dana &nbsp;Novog Zelanda&#8221;, kazala je premijerka Ardern.<\/p>\n\n\n\n<p>Vlasti nisu opisale veli\u010dinu de\u0161avanja, ali su pozvale ljude u centralnom Christchurchu da ostanu u svojim ku\u0107ama, a policija je upozorila vjernike da ne idu u d\u017eamije &#8220;na cijelom Novom Zelandu&#8221;.<\/p>\n\n\n\n<p>Svjedok Len Peneha kazao je kako je vidio kako mu\u0161karac u crnom ulazi u d\u017eamiju Masjid Al Noor i potom \u010duo veliki broj pucnjeva.<\/p>\n\n\n\n<p>Zatim je vidio veliki broj u\u017easnutih ljuti kako bje\u017ee iz d\u017eamije.<\/p>\n\n\n\n<p>Rekao je kako je vidio napada\u010da kako bje\u017ei prije dolaska hitnih slu\u017ebi.<\/p>\n\n\n\n<p>Peneha, koji \u017eivi blizu d\u017eamije, navodi kako je u\u0161ao u zgradu kako bi poku\u0161ao pomo\u0107i.<\/p>\n\n\n\n<p>&#8220;Svuda sam vidio mrtve ljude&#8221;, rekao je jo\u0161.<\/p>\n\n\n\n<h4 class=\"wp-block-heading\">Mnogo mladih \u017ertava<\/h4>\n\n\n\n<p>Jedan \u010dovjek koji je bio u d\u017eamiji i imao krvavu odje\u0107u&nbsp;kazao je kako se sakrio ispod klupe kada je po\u010dela pucnjava.<\/p>\n\n\n\n<p>Rekao je kako je 50-ak osoba bilo u d\u017eamiji.<\/p>\n\n\n\n<p>Clarke je istakao kako su neki uspjeli pobje\u0107i kroz prozore i vrata, no &#8220;mnogi su bili pogo\u0111eni, a neki su imali do 16 godina&#8221;.<\/p>\n\n\n\n<p>Izme\u0111u 10 i 15, &#8220;nekih mrtvih, nekih \u017eivih&#8221;,&nbsp;osoba je vi\u0111eno ispred d\u017eamije, dodao je.<\/p>\n\n\n\n<p>U d\u017eamiji je na molitvi bila i cijela kriket reprezentacija Banglade\u0161a, koja bi u subotu trebala igrati protiv Novog Zelanda, a Reuters objavljuje da niko od njih nije pogo\u0111en.<\/p>\n\n\n\n<p>Prema popisu iz 2013. godine, jedan posto stanovni\u0161tva Novog Zelanda su muslimani.<\/p>\n\n\n\n<p><em>Izvor: Al Jazeera i agencije<\/em><\/p>\n","protected":false},"excerpt":{"rendered":"<p>Napada\u010di koji su upali u dvije d\u017eamije u&nbsp;novozelandskom gradu Christchurch ubili su najmanje 49&nbsp;osoba, u najgorem napadu koji se desio u ovoj pacifi\u010dkoj dr\u017eavi. Kako je navela premijerka Novog Zelanda Jacinda Ardern, pribli\u017eno 20 ljudi u kriti\u010dnom stanju nakon teroristi\u010dkog napada. Ona je na ranijoj konferenciji za novinare&nbsp;kazala kako je 30 osoba ubijeno u d\u017eamiji [&hellip;]<\/p>\n","protected":false},"author":59,"featured_media":4487,"comment_status":"open","ping_status":"closed","sticky":false,"template":"","format":"standard","meta":{"inline_featured_image":false,"footnotes":""},"categories":[41,37],"tags":[],"class_list":{"0":"post-4482","1":"post","2":"type-post","3":"status-publish","4":"format-standard","5":"has-post-thumbnail","7":"category-svijet","8":"category-vijesti"},"acf":[],"_links":{"self":[{"href":"https:\/\/tvsensor.com\/api\/wp\/v2\/posts\/4482","targetHints":{"allow":["GET"]}}],"collection":[{"href":"https:\/\/tvsensor.com\/api\/wp\/v2\/posts"}],"about":[{"href":"https:\/\/tvsensor.com\/api\/wp\/v2\/types\/post"}],"author":[{"embeddable":true,"href":"https:\/\/tvsensor.com\/api\/wp\/v2\/users\/59"}],"replies":[{"embeddable":true,"href":"https:\/\/tvsensor.com\/api\/wp\/v2\/comments?post=4482"}],"version-history":[{"count":2,"href":"https:\/\/tvsensor.com\/api\/wp\/v2\/posts\/4482\/revisions"}],"predecessor-version":[{"id":4489,"href":"https:\/\/tvsensor.com\/api\/wp\/v2\/posts\/4482\/revisions\/4489"}],"wp:featuredmedia":[{"embeddable":true,"href":"https:\/\/tvsensor.com\/api\/wp\/v2\/media\/4487"}],"wp:attachment":[{"href":"https:\/\/tvsensor.com\/api\/wp\/v2\/media?parent=4482"}],"wp:term":[{"taxonomy":"category","embeddable":true,"href":"https:\/\/tvsensor.com\/api\/wp\/v2\/categories?post=4482"},{"taxonomy":"post_tag","embeddable":true,"href":"https:\/\/tvsensor.com\/api\/wp\/v2\/tags?post=4482"}],"curies":[{"name":"wp","href":"https:\/\/api.w.org\/{rel}","templated":true}]}}