{"id":38259,"date":"2026-08-30T09:06:47","date_gmt":"2026-08-30T08:06:47","guid":{"rendered":"https:\/\/tvsensor.com\/?p=38259"},"modified":"2026-08-30T09:43:33","modified_gmt":"2026-08-30T08:43:33","slug":"u-visokom-odrzan-diskurs-o-bosanstvu-povodom-godisnjice-povelje-kulina-bana","status":"publish","type":"post","link":"https:\/\/tvsensor.com\/clanak\/u-visokom-odrzan-diskurs-o-bosanstvu-povodom-godisnjice-povelje-kulina-bana\/","title":{"rendered":"U Visokom odr\u017ean \u201eDiskurs o bosanstvu\u201c povodom godi\u0161njice Povelje Kulina bana"},"content":{"rendered":"\n<p>Povodom godi\u0161njice Povelje Kulina bana, Pokret Bosanaca organizovao je u subotu, 29. augusta, u Parku \u201eRavne II\u201c u Visokom skup pod nazivom <strong>\u201eDiskurs o bosanstvu\u201c<\/strong>, posve\u0107en pitanju bosanskog identiteta, njegovom historijskom razvoju i savremenom zna\u010daju za Bosnu i Hercegovinu.<\/p>\n\n\n\n<p>Moderator skupa i jedan od glavnih organizatora bio je Senadin Bajri\u0107, dok je uvodno izlaganje odr\u017eao akademik prof. dr. Suad Kurt\u0107ehaji\u0107.<\/p>\n\n\n\n<p>Kurt\u0107ehaji\u0107 je govorio o zna\u010daju Povelje Kulina bana, izdane 29. augusta 1189. godine, nakon \u010dega se osvrnuo na historijski razvoj identiteta stanovni\u0161tva Bosne i Hercegovine i savremeno zna\u010denje imena Bosanac.<\/p>\n\n\n\n<p>Prema njegovom vi\u0111enju, bosanski identitet mogao bi predstavljati zajedni\u010dki i povezuju\u0107i identitet svih gra\u0111ana koji Bosnu i Hercegovinu do\u017eivljavaju kao svoju dr\u017eavu, bez obzira na njihovu religijsku, etni\u010dku ili drugu pripadnost.<\/p>\n\n\n\n<p>Tokom izlaganja Kurt\u0107ehaji\u0107 je problematizirao i pitanje uvo\u0111enja nacionalnog imena Bo\u0161njak na Bo\u0161nja\u010dkom saboru krajem septembra 1993. godine, navode\u0107i da gra\u0111ani tada nisu neposredno konsultovani o tome kako \u017eele da se nacionalno identifikuju. Iznio je stav da je identitet Bosanca, koji je \u0161iroko prepoznatljiv i neposredno vezan za ime dr\u017eave, tokom protekle tri decenije neopravdano potiskivan.<\/p>\n\n\n\n<figure class=\"wp-block-embed is-type-video is-provider-youtube wp-block-embed-youtube wp-embed-aspect-16-9 wp-has-aspect-ratio\"><div class=\"wp-block-embed__wrapper\">\n<iframe loading=\"lazy\" title=\"Diskurs o bosanstvu povodom Povelje Kulina  bana\" width=\"696\" height=\"392\" src=\"https:\/\/www.youtube.com\/embed\/uOeaEpHyZ8c?feature=oembed\" frameborder=\"0\" allow=\"accelerometer; autoplay; clipboard-write; encrypted-media; gyroscope; picture-in-picture; web-share\" referrerpolicy=\"strict-origin-when-cross-origin\" allowfullscreen><\/iframe>\n<\/div><\/figure>\n\n\n\n<p>Nakon uvodnog izlaganja otvorena je diskusija o polo\u017eaju gra\u0111ana koji se izja\u0161njavaju kao Bosanci, njihovom ustavnom i politi\u010dkom statusu, kao i mogu\u0107nostima da bosanski identitet postane jedan od faktora povezivanja gra\u0111ana i o\u010duvanja Bosne i Hercegovine.<\/p>\n\n\n\n<p>U\u010desnici skupa iznijeli su razli\u010dita vi\u0111enja historijskog i savremenog zna\u010daja bosanstva, uz poseban osvrt na pitanje ravnopravnosti gra\u0111ana koji svoj identitet \u017eele neposredno vezati za dr\u017eavu Bosnu i Hercegovinu.<\/p>\n\n\n\n<p><strong>U diskusiji su, izme\u0111u ostalih, u\u010destvovali akademici, univerzitetski profesori, umjetnici i javne li\u010dnosti: Gradimir Gojer, Munir Jahi\u0107, Ahmed Bosni\u0107, filolog Josip Svoboda, biv\u0161i gradona\u010delnik Tuzle i po\u010dasni \u010dlan BANUK-a Selim Be\u0161lagi\u0107, dr. Fahrudin Kulenovi\u0107, akademik Ibrahim \u017du\u0111elovi\u0107, Miro Lazovi\u0107 \u2013 nekada\u0161nji predsjednik Skup\u0161tine Republike Bosne i Hercegovine i \u010dlan ratnog Predsjedni\u0161tva BiH, glumac i zabavlja\u010d Mladen Jeli\u010di\u0107 Troko, Sulejman Tabakovi\u0107, prof. dr. \u0160ahzija Mrkonja, dr. Mato Dominikanovi\u0107, Slavko Filipovi\u0107, prof. dr. Azra Jaganjac te Mirsad \u010cau\u0161evi\u0107 Brada, jedan od u\u010desnika u formiranju Patriotske lige.<\/strong><\/p>\n\n\n\n<p>Organizatori su istakli da je cilj skupa otvaranje \u0161ireg dru\u0161tvenog dijaloga o bosanskom identitetu i polo\u017eaju Bosanaca, kao i afirmacija ideje ravnopravnosti svih gra\u0111ana Bosne i Hercegovine.<\/p>\n\n\n\n<p><strong>Organizator: Pokret Bosanaca<\/strong><\/p>\n\n\n\n<p><\/p>\n","protected":false},"excerpt":{"rendered":"<p>Povodom godi\u0161njice Povelje Kulina bana, Pokret Bosanaca organizovao je u subotu, 29. augusta, u Parku \u201eRavne II\u201c u Visokom skup pod nazivom \u201eDiskurs o bosanstvu\u201c, posve\u0107en pitanju bosanskog identiteta, njegovom historijskom razvoju i savremenom zna\u010daju za Bosnu i Hercegovinu. Moderator skupa i jedan od glavnih organizatora bio je Senadin Bajri\u0107, dok je uvodno izlaganje odr\u017eao [&hellip;]<\/p>\n","protected":false},"author":59,"featured_media":38263,"comment_status":"open","ping_status":"open","sticky":false,"template":"","format":"gallery","meta":{"inline_featured_image":false,"footnotes":""},"categories":[43,376,37,38],"tags":[],"class_list":{"0":"post-38259","1":"post","2":"type-post","3":"status-publish","4":"format-gallery","5":"has-post-thumbnail","7":"category-bih","8":"category-featured","9":"category-vijesti","10":"category-vijesti-iz-bih","11":"post_format-post-format-gallery"},"acf":[],"_links":{"self":[{"href":"https:\/\/tvsensor.com\/api\/wp\/v2\/posts\/38259","targetHints":{"allow":["GET"]}}],"collection":[{"href":"https:\/\/tvsensor.com\/api\/wp\/v2\/posts"}],"about":[{"href":"https:\/\/tvsensor.com\/api\/wp\/v2\/types\/post"}],"author":[{"embeddable":true,"href":"https:\/\/tvsensor.com\/api\/wp\/v2\/users\/59"}],"replies":[{"embeddable":true,"href":"https:\/\/tvsensor.com\/api\/wp\/v2\/comments?post=38259"}],"version-history":[{"count":7,"href":"https:\/\/tvsensor.com\/api\/wp\/v2\/posts\/38259\/revisions"}],"predecessor-version":[{"id":38273,"href":"https:\/\/tvsensor.com\/api\/wp\/v2\/posts\/38259\/revisions\/38273"}],"wp:featuredmedia":[{"embeddable":true,"href":"https:\/\/tvsensor.com\/api\/wp\/v2\/media\/38263"}],"wp:attachment":[{"href":"https:\/\/tvsensor.com\/api\/wp\/v2\/media?parent=38259"}],"wp:term":[{"taxonomy":"category","embeddable":true,"href":"https:\/\/tvsensor.com\/api\/wp\/v2\/categories?post=38259"},{"taxonomy":"post_tag","embeddable":true,"href":"https:\/\/tvsensor.com\/api\/wp\/v2\/tags?post=38259"}],"curies":[{"name":"wp","href":"https:\/\/api.w.org\/{rel}","templated":true}]}}