{"id":38168,"date":"2026-04-27T12:48:14","date_gmt":"2026-04-27T11:48:14","guid":{"rendered":"https:\/\/tvsensor.com\/?p=38168"},"modified":"2026-04-27T13:01:09","modified_gmt":"2026-04-27T12:01:09","slug":"zaboravljena-inicijativa-model-regionalizacije-bih-kao-odgovor-na-nove-politicke-pritiske","status":"publish","type":"post","link":"https:\/\/tvsensor.com\/clanak\/zaboravljena-inicijativa-model-regionalizacije-bih-kao-odgovor-na-nove-politicke-pritiske\/","title":{"rendered":"Zaboravljena inicijativa: Model regionalizacije BiH kao odgovor na nove politi\u010dke pritiske"},"content":{"rendered":"\n<p>U jeku novih politi\u010dkih inicijativa koje dolaze iz dijela hrvatskih politi\u010dkih i intelektualnih elita, a koje se ti\u010du preustroja Bosne i Hercegovine, va\u017eno je podsjetiti da su ozbiljni i stru\u010dno utemeljeni prijedlozi ustavnih reformi ve\u0107 ranije ponu\u0111eni \u2013 ali nisu dobili pa\u017enju koju su zaslu\u017eivali.<\/p>\n\n\n\n<p>Jedan od takvih prijedloga jeste <strong>Akademska inicijativa za promjenu Ustava Bosne i Hercegovine<\/strong> iz decembra 2020. godine, iza koje su stajali istaknuti \u010dlanovi akademske zajednice. Ova inicijativa nudila je konkretan model transformacije dr\u017eave u funkcionalniji i dugoro\u010dno odr\u017eiv sistem, oslobo\u0111en brojnih blokada koje danas optere\u0107uju njen politi\u010dki i institucionalni okvir.<\/p>\n\n\n\n<p>Na \u010delu ove inicijative bio je <strong>Akademik Suad Kurt\u0107ehaji\u0107<\/strong>, dok je koncept teritorijalne reorganizacije i definisanja regija razradio <strong>Akademik Muriz Spahi\u0107.<\/strong><\/p>\n\n\n\n<h3 class=\"wp-block-heading\">\u010cetiri regije kao temelj funkcionalne dr\u017eave<\/h3>\n\n\n\n<p>Klju\u010dni element prijedloga bila je regionalizacija Bosne i Hercegovine na \u010detiri administrativno-funkcionalne cjeline:<\/p>\n\n\n\n<ul class=\"wp-block-list\">\n<li>Banjalu\u010dku regiju<\/li>\n\n\n\n<li>Tuzlansku regiju<\/li>\n\n\n\n<li>Sarajevsku regiju<\/li>\n\n\n\n<li>Mostarsku regiju<\/li>\n<\/ul>\n\n\n\n<p>Ovakav model imao je za cilj prevazila\u017eenje postoje\u0107ih etni\u010dko-teritorijalnih podjela i uspostavljanje racionalnijeg sistema upravljanja, zasnovanog na ekonomskim, geografskim i demografskim kriterijima, a ne isklju\u010divo politi\u010dkim kompromisima iz pro\u0161losti.<\/p>\n\n\n\n<h3 class=\"wp-block-heading\">Izme\u0111u ignorisanja i aktuelnih prijepora<\/h3>\n\n\n\n<p>Iako je prijedlog Akademske inicijative bio detaljno razra\u0111en i usmjeren ka ja\u010danju dr\u017eavnih institucija, probosanska politi\u010dka elita u tom trenutku nije mu posvetila dovoljnu pa\u017enju. Time je propu\u0161tena prilika da se u javni i politi\u010dki diskurs uvede doma\u0107e, stru\u010dno zasnovano rje\u0161enje koje bi moglo poslu\u017eiti kao osnova za \u0161ire reforme.<\/p>\n\n\n\n<p>Danas, kada se ponovo otvaraju pitanja ustavnog preure\u0111enja Bosne i Hercegovine \u2013 \u010desto pod pritiskom razli\u010ditih politi\u010dkih agendi \u2013 ovaj prijedlog dobija novu te\u017einu. On pokazuje da rje\u0161enja ne moraju dolaziti izvana niti biti rezultat kratkoro\u010dnih politi\u010dkih kalkulacija, ve\u0107 mogu biti plod doma\u0107e ekspertize i dugoro\u010dnog promi\u0161ljanja.<\/p>\n\n\n\n<h3 class=\"wp-block-heading\">Da li je vrijeme za povratak ozbiljnim rje\u0161enjima?<\/h3>\n\n\n\n<p>U trenutku kada politi\u010dke tenzije rastu, a institucionalna efikasnost ostaje upitna, vra\u0107anje pa\u017enje na ovakve inicijative mo\u017ee biti klju\u010dan korak ka stabilnijoj i funkcionalnijoj Bosni i Hercegovini.<\/p>\n\n\n\n<p><\/p>\n\n\n\n<p>Kompletan tekst prijedloga Akademske inicijative za promjenu Ustava BiH dostupan je na linku ispod.<br><br><a href=\"https:\/\/suadkurtcehajic.ba\/2021\/03\/17\/aipubih-akademska-inicijativa-za-promjenu-ustavnog-uredenja-bosne-i-hercegovine-dana-28-12-2020-god-donosi\/\" target=\"_blank\" rel=\"noreferrer noopener\"><strong>AIPUBiH: Akademska Inicijativa za Promjenu Ustavnog Ure\u0111enja Bosne i Hercegovine dana 28.12.2020. god. donosi<\/strong><\/a><\/p>\n","protected":false},"excerpt":{"rendered":"<p>U jeku novih politi\u010dkih inicijativa koje dolaze iz dijela hrvatskih politi\u010dkih i intelektualnih elita, a koje se ti\u010du preustroja Bosne i Hercegovine, va\u017eno je podsjetiti da su ozbiljni i stru\u010dno utemeljeni prijedlozi ustavnih reformi ve\u0107 ranije ponu\u0111eni \u2013 ali nisu dobili pa\u017enju koju su zaslu\u017eivali. Jedan od takvih prijedloga jeste Akademska inicijativa za promjenu Ustava [&hellip;]<\/p>\n","protected":false},"author":59,"featured_media":38177,"comment_status":"open","ping_status":"open","sticky":false,"template":"","format":"standard","meta":{"inline_featured_image":false,"footnotes":""},"categories":[376,37,38],"tags":[],"class_list":{"0":"post-38168","1":"post","2":"type-post","3":"status-publish","4":"format-standard","5":"has-post-thumbnail","7":"category-featured","8":"category-vijesti","9":"category-vijesti-iz-bih"},"acf":[],"_links":{"self":[{"href":"https:\/\/tvsensor.com\/api\/wp\/v2\/posts\/38168","targetHints":{"allow":["GET"]}}],"collection":[{"href":"https:\/\/tvsensor.com\/api\/wp\/v2\/posts"}],"about":[{"href":"https:\/\/tvsensor.com\/api\/wp\/v2\/types\/post"}],"author":[{"embeddable":true,"href":"https:\/\/tvsensor.com\/api\/wp\/v2\/users\/59"}],"replies":[{"embeddable":true,"href":"https:\/\/tvsensor.com\/api\/wp\/v2\/comments?post=38168"}],"version-history":[{"count":4,"href":"https:\/\/tvsensor.com\/api\/wp\/v2\/posts\/38168\/revisions"}],"predecessor-version":[{"id":38174,"href":"https:\/\/tvsensor.com\/api\/wp\/v2\/posts\/38168\/revisions\/38174"}],"wp:featuredmedia":[{"embeddable":true,"href":"https:\/\/tvsensor.com\/api\/wp\/v2\/media\/38177"}],"wp:attachment":[{"href":"https:\/\/tvsensor.com\/api\/wp\/v2\/media?parent=38168"}],"wp:term":[{"taxonomy":"category","embeddable":true,"href":"https:\/\/tvsensor.com\/api\/wp\/v2\/categories?post=38168"},{"taxonomy":"post_tag","embeddable":true,"href":"https:\/\/tvsensor.com\/api\/wp\/v2\/tags?post=38168"}],"curies":[{"name":"wp","href":"https:\/\/api.w.org\/{rel}","templated":true}]}}