{"id":38164,"date":"2026-04-26T12:34:43","date_gmt":"2026-04-26T11:34:43","guid":{"rendered":"https:\/\/tvsensor.com\/?p=38164"},"modified":"2026-04-26T12:34:45","modified_gmt":"2026-04-26T11:34:45","slug":"osumnjiceni-u-pritvoru-nakon-pucnjave-na-veceri-dopisnika-bijele-kuce","status":"publish","type":"post","link":"https:\/\/tvsensor.com\/clanak\/osumnjiceni-u-pritvoru-nakon-pucnjave-na-veceri-dopisnika-bijele-kuce\/","title":{"rendered":"Osumnji\u010deni u pritvoru nakon pucnjave na ve\u010deri dopisnika Bijele ku\u0107e"},"content":{"rendered":"\n<p>Nakon incidenta u Washingtonu, nadle\u017eni su potvrdili da je jedna osoba privedena, dok sigurnosne slu\u017ebe i dalje procjenjuju sve okolnosti doga\u0111aja.<\/p>\n\n\n\n<p>Predstavnici organizacije doga\u0111aja naveli su da \u0107e, nakon konsultacija sa svim uklju\u010denim stranama, termin biti pomjeren u narednih 30 dana.<\/p>\n\n\n\n<p>United States Secret Service saop\u0107ila je da trenutno nije poznato stanje svih u\u010desnika, ali da organi reda aktivno rade na utvr\u0111ivanju \u010dinjenica.<\/p>\n\n\n\n<p>Obra\u0107aju\u0107i se novinarima, Donald Trump izjavio je da je jedan policajac ranjen, ali da je njegovo stanje stabilno i da se oporavlja.<\/p>\n\n\n\n<p>Prema medijskim navodima, osumnji\u010deni je identificiran kao Cole Thomas Allen (31), za kojeg se pretpostavlja da dolazi iz Kalifornije. Trump ga je opisao kao \u201cvrlo bolesnu osobu\u201d i naveo da je rije\u010d o napada\u010du koji je djelovao samostalno.<\/p>\n\n\n\n<p>Gradona\u010delnica Muriel Bowser izjavila je da je osumnji\u010deni nasilno u\u0161ao kroz kontrolni punkt Tajne slu\u017ebe u predvorju hotela, gdje su ga agenti brzo savladali. Tom prilikom je jedan agent povrije\u0111en i prevezen u bolnicu, gdje mu se pru\u017ea medicinska pomo\u0107.<\/p>\n\n\n\n<p>Osumnji\u010deni je tako\u0111er hospitaliziran, a njegovo zdravstveno stanje je predmet procjene.<\/p>\n\n\n\n<p>\u201cNema naznaka da je u incident uklju\u010dena jo\u0161 neka osoba\u201d, naglasila je Bowser.<\/p>\n\n\n\n<p>Vr\u0161ilac du\u017enosti \u0161efa Metropolitan Police Department of the District of Columbia Jeff Carroll izjavio je da je napada\u010d bio naoru\u017ean sa\u010dmaricom, pi\u0161toljem i s vi\u0161e no\u017eeva, te da je, prema prvim informacijama, bio gost hotela.<\/p>\n\n\n\n<p>Motiv napada za sada nije poznat, a istraga je u toku.<\/p>\n\n\n\n<p><\/p>\n","protected":false},"excerpt":{"rendered":"<p>Nakon incidenta u Washingtonu, nadle\u017eni su potvrdili da je jedna osoba privedena, dok sigurnosne slu\u017ebe i dalje procjenjuju sve okolnosti doga\u0111aja. Predstavnici organizacije doga\u0111aja naveli su da \u0107e, nakon konsultacija sa svim uklju\u010denim stranama, termin biti pomjeren u narednih 30 dana. United States Secret Service saop\u0107ila je da trenutno nije poznato stanje svih u\u010desnika, ali [&hellip;]<\/p>\n","protected":false},"author":59,"featured_media":38165,"comment_status":"open","ping_status":"open","sticky":false,"template":"","format":"standard","meta":{"inline_featured_image":false,"footnotes":""},"categories":[376,41,37],"tags":[],"class_list":{"0":"post-38164","1":"post","2":"type-post","3":"status-publish","4":"format-standard","5":"has-post-thumbnail","7":"category-featured","8":"category-svijet","9":"category-vijesti"},"acf":[],"_links":{"self":[{"href":"https:\/\/tvsensor.com\/api\/wp\/v2\/posts\/38164","targetHints":{"allow":["GET"]}}],"collection":[{"href":"https:\/\/tvsensor.com\/api\/wp\/v2\/posts"}],"about":[{"href":"https:\/\/tvsensor.com\/api\/wp\/v2\/types\/post"}],"author":[{"embeddable":true,"href":"https:\/\/tvsensor.com\/api\/wp\/v2\/users\/59"}],"replies":[{"embeddable":true,"href":"https:\/\/tvsensor.com\/api\/wp\/v2\/comments?post=38164"}],"version-history":[{"count":2,"href":"https:\/\/tvsensor.com\/api\/wp\/v2\/posts\/38164\/revisions"}],"predecessor-version":[{"id":38167,"href":"https:\/\/tvsensor.com\/api\/wp\/v2\/posts\/38164\/revisions\/38167"}],"wp:featuredmedia":[{"embeddable":true,"href":"https:\/\/tvsensor.com\/api\/wp\/v2\/media\/38165"}],"wp:attachment":[{"href":"https:\/\/tvsensor.com\/api\/wp\/v2\/media?parent=38164"}],"wp:term":[{"taxonomy":"category","embeddable":true,"href":"https:\/\/tvsensor.com\/api\/wp\/v2\/categories?post=38164"},{"taxonomy":"post_tag","embeddable":true,"href":"https:\/\/tvsensor.com\/api\/wp\/v2\/tags?post=38164"}],"curies":[{"name":"wp","href":"https:\/\/api.w.org\/{rel}","templated":true}]}}