{"id":38039,"date":"2026-03-12T12:46:15","date_gmt":"2026-03-12T11:46:15","guid":{"rendered":"https:\/\/tvsensor.com\/?p=38039"},"modified":"2026-03-12T13:00:54","modified_gmt":"2026-03-12T12:00:54","slug":"balkan-na-koljenima-podrska-agresiji-na-iran-kao-vrhunac-politickog-podanistva","status":"publish","type":"post","link":"https:\/\/tvsensor.com\/clanak\/balkan-na-koljenima-podrska-agresiji-na-iran-kao-vrhunac-politickog-podanistva\/","title":{"rendered":"Balkan kao sau\u010desnik: Ko je i za\u0161to podr\u017eao napad na Iran"},"content":{"rendered":"\n<p>Podr\u0161ka koju su neke balkanske dr\u017eave pru\u017eile ameri\u010dko-izraelskim napadima na Islamsku Republiku Iran predstavlja jedan od najo\u010ditijih primjera politi\u010dkog licemjerja u savremenoj evropskoj politici. Dok se u politi\u010dkim govorima neprestano pozivaju na me\u0111unarodno pravo, suverenitet i teritorijalni integritet, iste te vlade nisu imale nikakav problem da podr\u017ee vojni napad na suverenu dr\u017eavu i ubijanje njenih dr\u017eavnih i vojnih lidera.<\/p>\n\n\n\n<p>U toj podr\u0161ci posebno su se istakle <strong>Albanija, Kosovo, Hrvatska, Crna Gora i Sjeverna Makedonija<\/strong>, koje su kroz slu\u017ebene izjave ili politi\u010dke poruke stale na stranu ameri\u010dko-izraelske vojne akcije.<\/p>\n\n\n\n<p>Drugim rije\u010dima: principi vrijede samo dok su korisni.<\/p>\n\n\n\n<p>Kada velike sile odlu\u010de bombardovati neku zemlju, pravila iznenada postaju fleksibilna. A balkanske politi\u010dke elite, umjesto da poka\u017eu minimum politi\u010dke ki\u010dme, utrkuju se ko \u0107e br\u017ee stati u red i demonstrirati lojalnost Washingtonu i Tel Avivu.<\/p>\n\n\n\n<h3 class=\"wp-block-heading\">Servilnost kao vanjska politika<\/h3>\n\n\n\n<p>Posebno je porazno to \u0161to su me\u0111u najglasnijim podr\u017eavaocima napada upravo dr\u017eave koje same \u010desto govore o historijskoj nepravdi, okupaciji i kr\u0161enju me\u0111unarodnog prava. <strong>Albanija i Kosovo<\/strong>, koje se u me\u0111unarodnim debatama redovno pozivaju na pravo naroda na slobodu i suverenitet, bez zadr\u0161ke su podr\u017eale napad na drugu suverenu dr\u017eavu.<\/p>\n\n\n\n<p><strong>Hrvatska, Crna Gora i Sjeverna Makedonija<\/strong>, kao \u010dlanice NATO-a, tako\u0111er su stale na stranu vojne akcije, pravdaju\u0107i je sigurnosnim argumentima i politi\u010dkom solidarno\u0161\u0107u sa zapadnim saveznicima.<\/p>\n\n\n\n<p>Umjesto principijelne politike dobili smo diplomatsku servilnost.<\/p>\n\n\n\n<p>Za mnoge balkanske vlade vanjska politika o\u010dito se svodi na jednostavnu formulu: podr\u017eati sve \u0161to dolazi iz Washingtona, bez obzira na pravne ili moralne implikacije.<\/p>\n\n\n\n<h3 class=\"wp-block-heading\">Zaboravljena historija<\/h3>\n\n\n\n<p>Ironija je tim ve\u0107a jer Balkan ima vlastito traumati\u010dno iskustvo bombardovanja i stranih vojnih intervencija. Upravo zbog toga bi balkanske dr\u017eave morale biti me\u0111u najglasnijim zagovornicima me\u0111unarodnog prava i politi\u010dkih rje\u0161enja sukoba.<\/p>\n\n\n\n<p>Ali o\u010dito je da historija vrijedi samo kada je rije\u010d o vlastitim tragedijama.<\/p>\n\n\n\n<p>Kada se bombarduje neka druga dr\u017eava, tada se to naziva \u201epreventivnom akcijom\u201c, \u201esigurnosnom operacijom\u201c ili \u201eodbranom saveznika\u201c.<\/p>\n\n\n\n<h3 class=\"wp-block-heading\">Moralna kapitulacija<\/h3>\n\n\n\n<p>Podr\u017eati napad na suverenu dr\u017eavu i likvidaciju njenih politi\u010dkih i vojnih lidera zna\u010di prihvatiti logiku me\u0111unarodne anarhije \u2013 svijeta u kojem ja\u010di odlu\u010duje, a slabiji \u0161uti.<\/p>\n\n\n\n<p>Balkanske vlade koje su podr\u017eale takvu politiku \u2013 <strong>Albanija, Kosovo, Hrvatska, Crna Gora i Sjeverna Makedonija<\/strong> \u2013 time su poslale jasnu poruku: me\u0111unarodno pravo za njih nije univerzalni princip nego politi\u010dki alat.<\/p>\n\n\n\n<p>To nije samo politi\u010dka gre\u0161ka. To je moralna kapitulacija.<\/p>\n\n\n\n<h3 class=\"wp-block-heading\">Balkan bez glasa<\/h3>\n\n\n\n<p>Istovremeno, druge zemlje regiona \u2013 <strong>Bosna i Hercegovina, Srbija i Slovenija<\/strong> \u2013 zauzele su oprezniji stav i pozvale na smirivanje sukoba, bez otvorene podr\u0161ke vojnoj akciji.<\/p>\n\n\n\n<p>Ta razlika pokazuje da Balkan nije imao jedinstvenu poziciju, ali i da je dio regiona odlu\u010dio da bezrezervno podr\u017ei novu vojnu eskalaciju na Bliskom istoku.<\/p>\n\n\n\n<p>Podr\u0161ka balkanskih vlada napadima na Iran nije samo jo\u0161 jedan diplomatski potez. Ona je simptom mnogo dubljeg problema: nedostatka politi\u010dke hrabrosti i stvarnog suvereniteta u vanjskoj politici.<\/p>\n\n\n\n<p>Kada politi\u010dke elite jedne regije bez zadr\u0161ke podr\u017eavaju bombardovanje suverene dr\u017eave i ubijanje njenih lidera, onda je jasno da problem nije samo u geopolitici.<\/p>\n\n\n\n<p>Problem je u ki\u010dmi.<\/p>\n\n\n\n<p>A Balkan, na\u017ealost, ve\u0107 predugo pokazuje da je nema.<\/p>\n\n\n\n<p><\/p>\n","protected":false},"excerpt":{"rendered":"<p>Podr\u0161ka koju su neke balkanske dr\u017eave pru\u017eile ameri\u010dko-izraelskim napadima na Islamsku Republiku Iran predstavlja jedan od najo\u010ditijih primjera politi\u010dkog licemjerja u savremenoj evropskoj politici. Dok se u politi\u010dkim govorima neprestano pozivaju na me\u0111unarodno pravo, suverenitet i teritorijalni integritet, iste te vlade nisu imale nikakav problem da podr\u017ee vojni napad na suverenu dr\u017eavu i ubijanje njenih [&hellip;]<\/p>\n","protected":false},"author":59,"featured_media":38040,"comment_status":"open","ping_status":"open","sticky":false,"template":"","format":"standard","meta":{"inline_featured_image":false,"footnotes":""},"categories":[376,76,65],"tags":[],"class_list":{"0":"post-38039","1":"post","2":"type-post","3":"status-publish","4":"format-standard","5":"has-post-thumbnail","7":"category-featured","8":"category-kolumne","9":"category-vise"},"acf":[],"_links":{"self":[{"href":"https:\/\/tvsensor.com\/api\/wp\/v2\/posts\/38039","targetHints":{"allow":["GET"]}}],"collection":[{"href":"https:\/\/tvsensor.com\/api\/wp\/v2\/posts"}],"about":[{"href":"https:\/\/tvsensor.com\/api\/wp\/v2\/types\/post"}],"author":[{"embeddable":true,"href":"https:\/\/tvsensor.com\/api\/wp\/v2\/users\/59"}],"replies":[{"embeddable":true,"href":"https:\/\/tvsensor.com\/api\/wp\/v2\/comments?post=38039"}],"version-history":[{"count":4,"href":"https:\/\/tvsensor.com\/api\/wp\/v2\/posts\/38039\/revisions"}],"predecessor-version":[{"id":38046,"href":"https:\/\/tvsensor.com\/api\/wp\/v2\/posts\/38039\/revisions\/38046"}],"wp:featuredmedia":[{"embeddable":true,"href":"https:\/\/tvsensor.com\/api\/wp\/v2\/media\/38040"}],"wp:attachment":[{"href":"https:\/\/tvsensor.com\/api\/wp\/v2\/media?parent=38039"}],"wp:term":[{"taxonomy":"category","embeddable":true,"href":"https:\/\/tvsensor.com\/api\/wp\/v2\/categories?post=38039"},{"taxonomy":"post_tag","embeddable":true,"href":"https:\/\/tvsensor.com\/api\/wp\/v2\/tags?post=38039"}],"curies":[{"name":"wp","href":"https:\/\/api.w.org\/{rel}","templated":true}]}}