{"id":37942,"date":"2026-02-01T12:41:55","date_gmt":"2026-02-01T11:41:55","guid":{"rendered":"https:\/\/tvsensor.com\/?p=37942"},"modified":"2026-02-01T12:43:11","modified_gmt":"2026-02-01T11:43:11","slug":"sve-o-cemu-smo-pricali-kolumne-koje-otvaraju-teme-o-kojima-se-cesto-suti","status":"publish","type":"post","link":"https:\/\/tvsensor.com\/clanak\/sve-o-cemu-smo-pricali-kolumne-koje-otvaraju-teme-o-kojima-se-cesto-suti\/","title":{"rendered":"\u201cSve o \u010demu smo pri\u010dali\u201d: Kolumne koje otvaraju teme o kojima se \u010desto \u0161uti"},"content":{"rendered":"\n<p>U Europska ku\u0107a kulture i nacionalnih manjina (Austrijska ku\u0107a) u subotu nave\u010der, 31. januara, promovisana je knjiga Sve o \u010demu smo pri\u010dali autorice <strong>Suada Arnautovi\u0107.<\/strong><\/p>\n\n\n\n<p>Promociju je organizirao JU Centar kulture i mladih Op\u0107ine Centar Sarajevo, a o knjizi su, osim autorice, govorile <strong>Amina Jesenkovi\u0107 \u0160iljak<\/strong> i <strong>Fatima Be\u0107arevi\u0107 Softi\u0107.<\/strong><\/p>\n\n\n\n<p>Knjiga je zbirka kratkih, razgovornih kolumni koje polaze od li\u010dnog iskustva, ali se stalno prepli\u0107u s dru\u0161tvenim kontekstom u kojem odnosi, rodne uloge i neizgovorena o\u010dekivanja oblikuju svakodnevicu. Kroz naizgled obi\u010dne situacije, tekstovi otvaraju prostor za teme koje se rijetko izgovaraju naglas, a mnogima su prepoznatljive.<\/p>\n\n\n\n<p>Kolumne su vo\u0111ene ironijom i emotivnom precizno\u0161\u0107u, balansiraju\u0107i izme\u0111u humora i gor\u010dine. Ne nude gotove odgovore, ve\u0107 pozivaju na prepoznavanje, zastajanje i unutra\u0161nji dijalog \u2014 o onome o \u010demu se \u010desto \u0161uti, u odnosima, u dru\u0161tvu i u svakodnevnim kompromisima.<\/p>\n\n\n\n<p>Ekipa TV Sensor prisustvovala je promociji, a fotografije s doga\u0111aja mo\u017eete pogledati u na\u0161oj galeriji.<\/p>\n\n\n\n<p><\/p>\n","protected":false},"excerpt":{"rendered":"<p>U Europska ku\u0107a kulture i nacionalnih manjina (Austrijska ku\u0107a) u subotu nave\u010der, 31. januara, promovisana je knjiga Sve o \u010demu smo pri\u010dali autorice Suada Arnautovi\u0107. Promociju je organizirao JU Centar kulture i mladih Op\u0107ine Centar Sarajevo, a o knjizi su, osim autorice, govorile Amina Jesenkovi\u0107 \u0160iljak i Fatima Be\u0107arevi\u0107 Softi\u0107. Knjiga je zbirka kratkih, razgovornih [&hellip;]<\/p>\n","protected":false},"author":59,"featured_media":37947,"comment_status":"open","ping_status":"open","sticky":false,"template":"","format":"gallery","meta":{"inline_featured_image":false,"footnotes":""},"categories":[376,46,53],"tags":[],"class_list":{"0":"post-37942","1":"post","2":"type-post","3":"status-publish","4":"format-gallery","5":"has-post-thumbnail","7":"category-featured","8":"category-kultura","9":"category-magazin","10":"post_format-post-format-gallery"},"acf":[],"_links":{"self":[{"href":"https:\/\/tvsensor.com\/api\/wp\/v2\/posts\/37942","targetHints":{"allow":["GET"]}}],"collection":[{"href":"https:\/\/tvsensor.com\/api\/wp\/v2\/posts"}],"about":[{"href":"https:\/\/tvsensor.com\/api\/wp\/v2\/types\/post"}],"author":[{"embeddable":true,"href":"https:\/\/tvsensor.com\/api\/wp\/v2\/users\/59"}],"replies":[{"embeddable":true,"href":"https:\/\/tvsensor.com\/api\/wp\/v2\/comments?post=37942"}],"version-history":[{"count":4,"href":"https:\/\/tvsensor.com\/api\/wp\/v2\/posts\/37942\/revisions"}],"predecessor-version":[{"id":37951,"href":"https:\/\/tvsensor.com\/api\/wp\/v2\/posts\/37942\/revisions\/37951"}],"wp:featuredmedia":[{"embeddable":true,"href":"https:\/\/tvsensor.com\/api\/wp\/v2\/media\/37947"}],"wp:attachment":[{"href":"https:\/\/tvsensor.com\/api\/wp\/v2\/media?parent=37942"}],"wp:term":[{"taxonomy":"category","embeddable":true,"href":"https:\/\/tvsensor.com\/api\/wp\/v2\/categories?post=37942"},{"taxonomy":"post_tag","embeddable":true,"href":"https:\/\/tvsensor.com\/api\/wp\/v2\/tags?post=37942"}],"curies":[{"name":"wp","href":"https:\/\/api.w.org\/{rel}","templated":true}]}}