{"id":37920,"date":"2026-01-28T09:50:12","date_gmt":"2026-01-28T08:50:12","guid":{"rendered":"https:\/\/tvsensor.com\/?p=37920"},"modified":"2026-01-28T20:41:47","modified_gmt":"2026-01-28T19:41:47","slug":"akademik-prof-dr-armin-skrbo-novi-predsjednik-bosanske-akademije-nauka-i-umjetnosti-kulin-ban","status":"publish","type":"post","link":"https:\/\/tvsensor.com\/clanak\/akademik-prof-dr-armin-skrbo-novi-predsjednik-bosanske-akademije-nauka-i-umjetnosti-kulin-ban\/","title":{"rendered":"Akademik prof.dr. Armin \u0160krbo novi Predsjednik Bosanske akademije nauka i umjetnosti \u201eKulin ban\u201c"},"content":{"rendered":"\n<p>Na&nbsp; vanrednoj izbornoj Skup\u0161tini Bosanske akademije nauka i umjetnosti \u201eKulin ban\u201c&nbsp; odr\u017eanoj ju\u010der 26. januara 2026. godine izabrano je novo rukovodstvo Akademije. Za Predsjednika Akademije izabran je akademik prof.dr. Armin \u0160krbo, a za \u010dlanove Predsjedni\u0161tva Akademije prvi Potpredsjednik akademik Muriz Spahi\u0107, Potpredsjednici Akademije: akademici prof.dr. Nizama Salihefendi\u0107, dr.Jusuf Pu\u0161ina, Ibrahim \u017du\u0111elovi\u0107, Generalni sekretar akademik prof dr. Adamir Jerkovi\u0107,&nbsp; i akademik prof.dr. Red\u017eep Dizdarevi\u0107 kao Predsjednik Senata Akademije.<\/p>\n\n\n\n<figure class=\"wp-block-image size-large\"><img loading=\"lazy\" decoding=\"async\" width=\"1216\" height=\"1600\" src=\"https:\/\/tvsensor.com\/wp-content\/uploads\/2026\/01\/0-02-05-e73259189264bcaf6825d5461618b34a211d4e4d7a0766508073423dc9681662_1c6dc8a95c6b18-1216x1600.jpg\" alt=\"\" class=\"wp-image-37930\" srcset=\"https:\/\/tvsensor.com\/wp-content\/uploads\/2026\/01\/0-02-05-e73259189264bcaf6825d5461618b34a211d4e4d7a0766508073423dc9681662_1c6dc8a95c6b18-1216x1600.jpg 1216w, https:\/\/tvsensor.com\/wp-content\/uploads\/2026\/01\/0-02-05-e73259189264bcaf6825d5461618b34a211d4e4d7a0766508073423dc9681662_1c6dc8a95c6b18-114x150.jpg 114w, https:\/\/tvsensor.com\/wp-content\/uploads\/2026\/01\/0-02-05-e73259189264bcaf6825d5461618b34a211d4e4d7a0766508073423dc9681662_1c6dc8a95c6b18-768x1011.jpg 768w, https:\/\/tvsensor.com\/wp-content\/uploads\/2026\/01\/0-02-05-e73259189264bcaf6825d5461618b34a211d4e4d7a0766508073423dc9681662_1c6dc8a95c6b18-1167x1536.jpg 1167w, https:\/\/tvsensor.com\/wp-content\/uploads\/2026\/01\/0-02-05-e73259189264bcaf6825d5461618b34a211d4e4d7a0766508073423dc9681662_1c6dc8a95c6b18-150x197.jpg 150w, https:\/\/tvsensor.com\/wp-content\/uploads\/2026\/01\/0-02-05-e73259189264bcaf6825d5461618b34a211d4e4d7a0766508073423dc9681662_1c6dc8a95c6b18-300x395.jpg 300w, https:\/\/tvsensor.com\/wp-content\/uploads\/2026\/01\/0-02-05-e73259189264bcaf6825d5461618b34a211d4e4d7a0766508073423dc9681662_1c6dc8a95c6b18-696x916.jpg 696w, https:\/\/tvsensor.com\/wp-content\/uploads\/2026\/01\/0-02-05-e73259189264bcaf6825d5461618b34a211d4e4d7a0766508073423dc9681662_1c6dc8a95c6b18-1068x1405.jpg 1068w, https:\/\/tvsensor.com\/wp-content\/uploads\/2026\/01\/0-02-05-e73259189264bcaf6825d5461618b34a211d4e4d7a0766508073423dc9681662_1c6dc8a95c6b18.jpg 1368w\" sizes=\"auto, (max-width: 1216px) 100vw, 1216px\" \/><figcaption class=\"wp-element-caption\">Akademik prof.dr. Armin \u0160krbo<\/figcaption><\/figure>\n\n\n\n<p>Dosada\u0161nji predsjednik akademik prof. dr. Suad Kurt\u0107ehaji\u0107 u znak zahvalnosti za njegov veliki doprinos u osnivanju i radu Akademije progla\u0161en je prvim po\u010dasnim Predsjednikom Akademije.<\/p>\n\n\n\n<p>Za Predsjednika Skup\u0161tine Akademije izabran je akademik prof. dr. Nihad Fejzi\u0107.<\/p>\n\n\n\n<p>\u010clanovi Senata Akademije su: Predsjednik Senata akademik prof.dr. Red\u017eep Dizdarevi\u0107 te \u010dlanovi akademik Gradimir Gojer, akademik Ahmed Bosni\u0107, prof.dr. Ferid Otajagi\u0107, prof.dr. Hana Kora\u0107, doc.dr. Muhamed \u0160emoski, dr. Fahrudin Kulenovi\u0107, Abi Muhtari, Edhem Pa\u0161i\u0107.<\/p>\n\n\n\n<p>Izabran je Sud \u010dasti Akademije: Predsjednik Suda \u010dasti je akademik prof.dr. Ned\u017ead Korajli\u0107, akademik prof. dr. D\u017eemaludin Lati\u0107, akademik prof.dr. Azem Ko\u017ear.<\/p>\n\n\n\n<p><\/p>\n","protected":false},"excerpt":{"rendered":"<p>Na&nbsp; vanrednoj izbornoj Skup\u0161tini Bosanske akademije nauka i umjetnosti \u201eKulin ban\u201c&nbsp; odr\u017eanoj ju\u010der 26. januara 2026. godine izabrano je novo rukovodstvo Akademije. Za Predsjednika Akademije izabran je akademik prof.dr. Armin \u0160krbo, a za \u010dlanove Predsjedni\u0161tva Akademije prvi Potpredsjednik akademik Muriz Spahi\u0107, Potpredsjednici Akademije: akademici prof.dr. Nizama Salihefendi\u0107, dr.Jusuf Pu\u0161ina, Ibrahim \u017du\u0111elovi\u0107, Generalni sekretar akademik prof [&hellip;]<\/p>\n","protected":false},"author":59,"featured_media":37921,"comment_status":"open","ping_status":"open","sticky":false,"template":"","format":"gallery","meta":{"inline_featured_image":false,"footnotes":""},"categories":[376,37,38],"tags":[],"class_list":{"0":"post-37920","1":"post","2":"type-post","3":"status-publish","4":"format-gallery","5":"has-post-thumbnail","7":"category-featured","8":"category-vijesti","9":"category-vijesti-iz-bih","10":"post_format-post-format-gallery"},"acf":[],"_links":{"self":[{"href":"https:\/\/tvsensor.com\/api\/wp\/v2\/posts\/37920","targetHints":{"allow":["GET"]}}],"collection":[{"href":"https:\/\/tvsensor.com\/api\/wp\/v2\/posts"}],"about":[{"href":"https:\/\/tvsensor.com\/api\/wp\/v2\/types\/post"}],"author":[{"embeddable":true,"href":"https:\/\/tvsensor.com\/api\/wp\/v2\/users\/59"}],"replies":[{"embeddable":true,"href":"https:\/\/tvsensor.com\/api\/wp\/v2\/comments?post=37920"}],"version-history":[{"count":6,"href":"https:\/\/tvsensor.com\/api\/wp\/v2\/posts\/37920\/revisions"}],"predecessor-version":[{"id":37933,"href":"https:\/\/tvsensor.com\/api\/wp\/v2\/posts\/37920\/revisions\/37933"}],"wp:featuredmedia":[{"embeddable":true,"href":"https:\/\/tvsensor.com\/api\/wp\/v2\/media\/37921"}],"wp:attachment":[{"href":"https:\/\/tvsensor.com\/api\/wp\/v2\/media?parent=37920"}],"wp:term":[{"taxonomy":"category","embeddable":true,"href":"https:\/\/tvsensor.com\/api\/wp\/v2\/categories?post=37920"},{"taxonomy":"post_tag","embeddable":true,"href":"https:\/\/tvsensor.com\/api\/wp\/v2\/tags?post=37920"}],"curies":[{"name":"wp","href":"https:\/\/api.w.org\/{rel}","templated":true}]}}