{"id":37871,"date":"2025-12-12T15:35:45","date_gmt":"2025-12-12T14:35:45","guid":{"rendered":"https:\/\/tvsensor.com\/?p=37871"},"modified":"2025-12-12T15:35:46","modified_gmt":"2025-12-12T14:35:46","slug":"bruxelles-ponavlja-poruku-srbiji-eu-put-bez-jasnog-uskladjivanja-ne-ide-dalje","status":"publish","type":"post","link":"https:\/\/tvsensor.com\/clanak\/bruxelles-ponavlja-poruku-srbiji-eu-put-bez-jasnog-uskladjivanja-ne-ide-dalje\/","title":{"rendered":"Bruxelles ponavlja poruku Srbiji: EU put bez jasnog uskla\u0111ivanja ne ide dalje"},"content":{"rendered":"\n<p>Susret predsjednice Europske komisije Ursule von der Leyen sa srbijanskim predsjednikom Aleksandrom Vu\u010di\u0107em u Bruxellesu jo\u0161 jednom je ogolio su\u0161tinu odnosa Srbije i Europske unije \u2013 vrata formalno ostaju otvorena, ali su stvarni koraci i dalje ograni\u010deni i uslovljeni.<\/p>\n\n\n\n<p>Von der Leyen je nakon sastanka jasno poru\u010dila da je pro\u0161irenje EU \u201egeostrate\u0161ki imperativ\u201c, ali je istovremeno naglasila ono \u0161to Bruxelles ve\u0107 godinama ponavlja Beogradu: Srbija mora znatno uskladiti svoju vanjsku i sigurnosnu politiku s politikom Europske unije. Drugim rije\u010dima \u2013 bez jasnog distanciranja od Moskve i bez konkretnog politi\u010dkog zaokreta, napredak \u0107e ostati simboli\u010dan.<\/p>\n\n\n\n<p>Evropska komisija pozdravila je poteze Srbije u pravcu diversifikacije energetskih izvora i smanjenja ovisnosti o Rusiji, ali to nije promijenilo \u010dinjenicu da se Srbija danas nalazi u ozbiljnoj energetskoj i politi\u010dkoj neizvjesnosti. Predsjednik Vu\u010di\u0107 je otvoreno priznao da Srbija ve\u0107 vi\u0161e od dva mjeseca nije dobila ni kap nafte u rafineriju, te da je samo pitanje vremena kada \u0107e sti\u0107i upozorenja o sekundarnim sankcijama iz Sjedinjenih Ameri\u010dkih Dr\u017eava.<\/p>\n\n\n\n<p>Posebno osjetljivo pitanje ostaje Naftna industrija Srbije (NIS), koja je pod ameri\u010dkim sankcijama zbog ruskog vlasni\u010dkog udjela. Beograd je Moskvi dao rok od 50 dana da prona\u0111e kupca, a u suprotnom najavljuje preuzimanje upravljanja nad kompanijom. Takav potez jasno pokazuje koliko je energetska politika Srbije danas zarobljena izme\u0111u Istoka i Zapada.<\/p>\n\n\n\n<p>Kada je rije\u010d o evropskim integracijama, realnost je neumoljiva: Srbija je pregovore s EU zapo\u010dela jo\u0161 2014. godine, ali je u vi\u0161e od jedne decenije otvorila tek 22 poglavlja, dok su samo dva zatvorena. Posljednji klaster otvoren je jo\u0161 u decembru 2021. godine, nakon \u010dega proces prakti\u010dno stoji. I sam Vu\u010di\u0107 priznaje da, uprkos pohvalama o \u201eodre\u0111enom napretku\u201c, nema garancija da \u0107e klaster 3 biti otvoren ni do kraja ove godine.<\/p>\n\n\n\n<p>Zanimljiv, ali i politi\u010dki osjetljiv moment sastanka bila je Vu\u010di\u0107eva ideja da cijeli Zapadni Balkan zajedno u\u0111e u Europsku uniju. Iako je prijedlog saslu\u0161an, iz Bruxellesa nije stigla nikakva reakcija. Time je jo\u0161 jednom potvr\u0111eno da EU ne razmi\u0161lja o \u201epaket-\u010dlanstvu\u201c, ve\u0107 o individualnoj odgovornosti svake dr\u017eave.<\/p>\n\n\n\n<p>Poruke iz Bruxellesa su, barem za sada, jasne: EU i dalje deklarativno podr\u017eava evropsku perspektivu Srbije i govori o \u201edemokratskoj Srbiji u Uniji\u201c, ali bez konkretnih politi\u010dkih odluka u Beogradu, taj put ostaje dug i neizvjestan.<\/p>\n\n\n\n<p>Za Srbiju vrijeme vi\u0161e ne radi u njenu korist \u2013 ni na energetskom planu, ni na evropskom.<\/p>\n","protected":false},"excerpt":{"rendered":"<p>Susret predsjednice Europske komisije Ursule von der Leyen sa srbijanskim predsjednikom Aleksandrom Vu\u010di\u0107em u Bruxellesu jo\u0161 jednom je ogolio su\u0161tinu odnosa Srbije i Europske unije \u2013 vrata formalno ostaju otvorena, ali su stvarni koraci i dalje ograni\u010deni i uslovljeni. Von der Leyen je nakon sastanka jasno poru\u010dila da je pro\u0161irenje EU \u201egeostrate\u0161ki imperativ\u201c, ali je [&hellip;]<\/p>\n","protected":false},"author":59,"featured_media":37872,"comment_status":"open","ping_status":"open","sticky":false,"template":"","format":"standard","meta":{"inline_featured_image":false,"footnotes":""},"categories":[376,40,37],"tags":[],"class_list":{"0":"post-37871","1":"post","2":"type-post","3":"status-publish","4":"format-standard","5":"has-post-thumbnail","7":"category-featured","8":"category-region","9":"category-vijesti"},"acf":[],"_links":{"self":[{"href":"https:\/\/tvsensor.com\/api\/wp\/v2\/posts\/37871","targetHints":{"allow":["GET"]}}],"collection":[{"href":"https:\/\/tvsensor.com\/api\/wp\/v2\/posts"}],"about":[{"href":"https:\/\/tvsensor.com\/api\/wp\/v2\/types\/post"}],"author":[{"embeddable":true,"href":"https:\/\/tvsensor.com\/api\/wp\/v2\/users\/59"}],"replies":[{"embeddable":true,"href":"https:\/\/tvsensor.com\/api\/wp\/v2\/comments?post=37871"}],"version-history":[{"count":2,"href":"https:\/\/tvsensor.com\/api\/wp\/v2\/posts\/37871\/revisions"}],"predecessor-version":[{"id":37874,"href":"https:\/\/tvsensor.com\/api\/wp\/v2\/posts\/37871\/revisions\/37874"}],"wp:featuredmedia":[{"embeddable":true,"href":"https:\/\/tvsensor.com\/api\/wp\/v2\/media\/37872"}],"wp:attachment":[{"href":"https:\/\/tvsensor.com\/api\/wp\/v2\/media?parent=37871"}],"wp:term":[{"taxonomy":"category","embeddable":true,"href":"https:\/\/tvsensor.com\/api\/wp\/v2\/categories?post=37871"},{"taxonomy":"post_tag","embeddable":true,"href":"https:\/\/tvsensor.com\/api\/wp\/v2\/tags?post=37871"}],"curies":[{"name":"wp","href":"https:\/\/api.w.org\/{rel}","templated":true}]}}