{"id":37635,"date":"2025-06-11T17:20:39","date_gmt":"2025-06-11T16:20:39","guid":{"rendered":"https:\/\/tvsensor.com\/?p=37635"},"modified":"2025-06-11T17:34:59","modified_gmt":"2025-06-11T16:34:59","slug":"poziv-na-moralnu-odgovornost-hoce-li-se-celnici-jevrejske-zajednice-bih-jasno-ograditi-od-genocida-u-gazi","status":"publish","type":"post","link":"https:\/\/tvsensor.com\/clanak\/poziv-na-moralnu-odgovornost-hoce-li-se-celnici-jevrejske-zajednice-bih-jasno-ograditi-od-genocida-u-gazi\/","title":{"rendered":"Poziv na moralnu odgovornost: Ho\u0107e li se \u010delnici Jevrejske zajednice BiH jasno ograditi od genocida u Gazi?"},"content":{"rendered":"\n<p>U trenucima kada svijet svakodnevno svjedo\u010di stravi\u010dnim prizorima iz Gaze \u2013 razorenim \u0161kolama, bolnicama i pogibijama nevinih civila, \u017eena i djece \u2013 pozivamo \u010delnike Jevrejske zajednice u Bosni i Hercegovini da jasno i javno iznesu svoj stav.<\/p>\n\n\n\n<p>Do sada, iako su se na mnogim stranama oglasili brojni vjerski, akademski i gra\u0111anski lideri, <strong>nijedan javni dokument<\/strong> Jevrejske zajednice BiH <strong>nije osudio nasilje u Gazi<\/strong>, niti je otvoreno izra\u017eena su\u0107ut \u017ertvama.<\/p>\n\n\n\n<p>S obzirom na autoritet i uva\u017eavanje koje u\u017eivaju, va\u017eno je postaviti jasna pitanja:<\/p>\n\n\n\n<p><\/p>\n\n\n\n<p><strong>Gospodine Jakob Finci<\/strong>, predsjedni\u010de Jevrejske zajednice BiH i predsjedni\u010de Interreligijskog savjeta: da li ste saglasni s vojnom politikom dr\u017eave Izrael u Gazi, u kojoj svakodnevno stradavaju civili? <\/p>\n\n\n\n<figure class=\"wp-block-image size-large\"><img loading=\"lazy\" decoding=\"async\" width=\"1800\" height=\"1200\" src=\"https:\/\/tvsensor.com\/wp-content\/uploads\/2025\/06\/Jakob-Finci-1800x1200.jpg\" alt=\"\" class=\"wp-image-37638\" srcset=\"https:\/\/tvsensor.com\/wp-content\/uploads\/2025\/06\/Jakob-Finci-1800x1200.jpg 1800w, https:\/\/tvsensor.com\/wp-content\/uploads\/2025\/06\/Jakob-Finci-150x100.jpg 150w, https:\/\/tvsensor.com\/wp-content\/uploads\/2025\/06\/Jakob-Finci-768x512.jpg 768w, https:\/\/tvsensor.com\/wp-content\/uploads\/2025\/06\/Jakob-Finci-1536x1024.jpg 1536w, https:\/\/tvsensor.com\/wp-content\/uploads\/2025\/06\/Jakob-Finci-300x200.jpg 300w, https:\/\/tvsensor.com\/wp-content\/uploads\/2025\/06\/Jakob-Finci-696x464.jpg 696w, https:\/\/tvsensor.com\/wp-content\/uploads\/2025\/06\/Jakob-Finci-1068x712.jpg 1068w, https:\/\/tvsensor.com\/wp-content\/uploads\/2025\/06\/Jakob-Finci.jpg 1920w\" sizes=\"auto, (max-width: 1800px) 100vw, 1800px\" \/><figcaption class=\"wp-element-caption\">Jakob Finci, predsjednik Jevrejske zajednice BiH<\/figcaption><\/figure>\n\n\n\n<p><\/p>\n\n\n\n<p><\/p>\n\n\n\n<p><strong>Gospodine Boris Kozemjakin<\/strong>, predsjedni\u010de Jevrejske op\u0161tine Sarajevo: ho\u0107ete li javno osuditi ubijanje nevinih \u017eena, djece i civila?<\/p>\n\n\n\n<figure class=\"wp-block-image size-full\"><img loading=\"lazy\" decoding=\"async\" width=\"800\" height=\"533\" src=\"https:\/\/tvsensor.com\/wp-content\/uploads\/2025\/06\/Boris-Kozemjakin.jpg\" alt=\"\" class=\"wp-image-37637\" srcset=\"https:\/\/tvsensor.com\/wp-content\/uploads\/2025\/06\/Boris-Kozemjakin.jpg 800w, https:\/\/tvsensor.com\/wp-content\/uploads\/2025\/06\/Boris-Kozemjakin-150x100.jpg 150w, https:\/\/tvsensor.com\/wp-content\/uploads\/2025\/06\/Boris-Kozemjakin-768x512.jpg 768w, https:\/\/tvsensor.com\/wp-content\/uploads\/2025\/06\/Boris-Kozemjakin-300x200.jpg 300w, https:\/\/tvsensor.com\/wp-content\/uploads\/2025\/06\/Boris-Kozemjakin-696x464.jpg 696w\" sizes=\"auto, (max-width: 800px) 100vw, 800px\" \/><figcaption class=\"wp-element-caption\">Boris Kozemjakin, predsjednik Jevrejske op\u0161tine Sarajevo<\/figcaption><\/figure>\n\n\n\n<p><br><\/p>\n\n\n\n<p><strong>Gospodine Vladimir Andrle<\/strong>, predsjedni\u010de La Benevolencije: da li \u0107ete jasno i nedvosmisleno osuditi brutalna stradanja nevinih?<\/p>\n\n\n\n<figure class=\"wp-block-image size-full\"><img loading=\"lazy\" decoding=\"async\" width=\"872\" height=\"610\" src=\"https:\/\/tvsensor.com\/wp-content\/uploads\/2025\/06\/Vladimir-Andrle.jpg\" alt=\"\" class=\"wp-image-37636\" srcset=\"https:\/\/tvsensor.com\/wp-content\/uploads\/2025\/06\/Vladimir-Andrle.jpg 872w, https:\/\/tvsensor.com\/wp-content\/uploads\/2025\/06\/Vladimir-Andrle-150x105.jpg 150w, https:\/\/tvsensor.com\/wp-content\/uploads\/2025\/06\/Vladimir-Andrle-768x537.jpg 768w, https:\/\/tvsensor.com\/wp-content\/uploads\/2025\/06\/Vladimir-Andrle-300x210.jpg 300w, https:\/\/tvsensor.com\/wp-content\/uploads\/2025\/06\/Vladimir-Andrle-696x487.jpg 696w, https:\/\/tvsensor.com\/wp-content\/uploads\/2025\/06\/Vladimir-Andrle-100x70.jpg 100w\" sizes=\"auto, (max-width: 872px) 100vw, 872px\" \/><figcaption class=\"wp-element-caption\">Vladimir Andrle, predsjednikj La Benevolencije<\/figcaption><\/figure>\n\n\n\n<p><br><br><strong>Gospodine dr. Elias Tauber<\/strong>, savjetni\u010de za kulturu i religiju Jevrejske zajednice BiH: ho\u0107ete li kao javna i odgovorna li\u010dnost, u duhu \u010dovje\u010dnosti i bosanskohercegova\u010dkog iskustva stradanja, <strong>osuditi genocid nad palestinskim civilima i jasno se distancirati od politike masovnog ubijanja<\/strong>?<\/p>\n\n\n\n<figure class=\"wp-block-image size-full is-resized\"><img loading=\"lazy\" decoding=\"async\" width=\"750\" height=\"450\" src=\"https:\/\/tvsensor.com\/wp-content\/uploads\/2025\/06\/Elijas-Tauber.webp\" alt=\"\" class=\"wp-image-37639\" style=\"width:873px;height:auto\" srcset=\"https:\/\/tvsensor.com\/wp-content\/uploads\/2025\/06\/Elijas-Tauber.webp 750w, https:\/\/tvsensor.com\/wp-content\/uploads\/2025\/06\/Elijas-Tauber-150x90.webp 150w, https:\/\/tvsensor.com\/wp-content\/uploads\/2025\/06\/Elijas-Tauber-300x180.webp 300w, https:\/\/tvsensor.com\/wp-content\/uploads\/2025\/06\/Elijas-Tauber-696x418.webp 696w\" sizes=\"auto, (max-width: 750px) 100vw, 750px\" \/><figcaption class=\"wp-element-caption\">dr. Eljias Tauber, savjetnik za kulturu i religiju Jevrejske zajednice BiH<\/figcaption><\/figure>\n\n\n\n<p><\/p>\n\n\n\n<p>Naravno, niko ne o\u010dekuje da Jevrejska zajednica snosi odgovornost za politiku dr\u017eave Izrael. Ali kao moralni i vjerski autoriteti u zemlji koja je pre\u017eivjela vlastiti genocid, o\u010dekuje se <strong>jasan stav, a ne \u0161utnja<\/strong>.<\/p>\n\n\n\n<p>BiH je zemlja koja razumije dubinu ljudske patnje. Kao takva, mora biti primjer u za\u0161titi \u017eivota i dostojanstva svakog \u010dovjeka \u2013 bez obzira na vjeru, naciju ili porijeklo. Ako je ubijanje civila u Sarajevu bio zlo\u010din, ako je genocid u Srebrenici bio zlo\u010din nad \u010dovje\u010dno\u0161\u0107u, onda <strong>ni\u0161ta manje ne smije va\u017eiti za Gazu<\/strong>.<\/p>\n\n\n\n<p>Ova pitanja ne postavljamo iz mr\u017enje. Postavljamo ih iz du\u017enosti da budemo ljudi. Ako \u017eelimo da na\u0161a djeca \u017eive u dru\u0161tvu pravde, mira i jednakih vrijednosti \u2013 svi moramo podjednako dizati glas protiv zla.<\/p>\n\n\n\n<p><strong>Redakcija portala tvsensor.com<\/strong><\/p>\n\n\n\n<p><\/p>\n","protected":false},"excerpt":{"rendered":"<p>U trenucima kada svijet svakodnevno svjedo\u010di stravi\u010dnim prizorima iz Gaze \u2013 razorenim \u0161kolama, bolnicama i pogibijama nevinih civila, \u017eena i djece \u2013 pozivamo \u010delnike Jevrejske zajednice u Bosni i Hercegovini da jasno i javno iznesu svoj stav. Do sada, iako su se na mnogim stranama oglasili brojni vjerski, akademski i gra\u0111anski lideri, nijedan javni dokument [&hellip;]<\/p>\n","protected":false},"author":59,"featured_media":37648,"comment_status":"open","ping_status":"open","sticky":false,"template":"","format":"standard","meta":{"inline_featured_image":false,"footnotes":""},"categories":[43,376,37,38],"tags":[],"class_list":{"0":"post-37635","1":"post","2":"type-post","3":"status-publish","4":"format-standard","5":"has-post-thumbnail","7":"category-bih","8":"category-featured","9":"category-vijesti","10":"category-vijesti-iz-bih"},"acf":[],"_links":{"self":[{"href":"https:\/\/tvsensor.com\/api\/wp\/v2\/posts\/37635","targetHints":{"allow":["GET"]}}],"collection":[{"href":"https:\/\/tvsensor.com\/api\/wp\/v2\/posts"}],"about":[{"href":"https:\/\/tvsensor.com\/api\/wp\/v2\/types\/post"}],"author":[{"embeddable":true,"href":"https:\/\/tvsensor.com\/api\/wp\/v2\/users\/59"}],"replies":[{"embeddable":true,"href":"https:\/\/tvsensor.com\/api\/wp\/v2\/comments?post=37635"}],"version-history":[{"count":8,"href":"https:\/\/tvsensor.com\/api\/wp\/v2\/posts\/37635\/revisions"}],"predecessor-version":[{"id":37649,"href":"https:\/\/tvsensor.com\/api\/wp\/v2\/posts\/37635\/revisions\/37649"}],"wp:featuredmedia":[{"embeddable":true,"href":"https:\/\/tvsensor.com\/api\/wp\/v2\/media\/37648"}],"wp:attachment":[{"href":"https:\/\/tvsensor.com\/api\/wp\/v2\/media?parent=37635"}],"wp:term":[{"taxonomy":"category","embeddable":true,"href":"https:\/\/tvsensor.com\/api\/wp\/v2\/categories?post=37635"},{"taxonomy":"post_tag","embeddable":true,"href":"https:\/\/tvsensor.com\/api\/wp\/v2\/tags?post=37635"}],"curies":[{"name":"wp","href":"https:\/\/api.w.org\/{rel}","templated":true}]}}