{"id":37605,"date":"2025-05-28T15:52:00","date_gmt":"2025-05-28T14:52:00","guid":{"rendered":"https:\/\/tvsensor.com\/?p=37605"},"modified":"2025-06-01T15:56:17","modified_gmt":"2025-06-01T14:56:17","slug":"obiljezen-dan-maloljetnog-borca-opcine-stari-grad-sarajevo","status":"publish","type":"post","link":"https:\/\/tvsensor.com\/clanak\/obiljezen-dan-maloljetnog-borca-opcine-stari-grad-sarajevo\/","title":{"rendered":"Obilje\u017een Dan maloljetnog borca Op\u0107ine Stari Grad Sarajevo"},"content":{"rendered":"\n<p>Ove godine navr\u0161ava se 30 godina otkako je 30.maja, 1993.godine u akciji na Pitinim stijenama u direktnim borbenim dejstvima izgubio svoj mladi \u017eivot maloljetni borac Armije RBiH Alija Oru\u010d. Kao maloljetni borac sa Grli\u010di\u0107a Brda, na samom po\u010detku agresije Alija se priklju\u010dio Armiji Republike Bosne i Hercegovine u odbrani grada. Prva jedinica u kojoj je bio je \u201cBosna 101\u201d, a nakon formiranja brigada, bio je u Prvoj brdskoj brigadi. Iako su mu zabranjivali u\u010de\u0161\u0107e u akcijama, nalazio je na\u010dina da se tajno pridru\u017ei, te je u\u010destvovao u gotovo svakoj akciji svoje brigade.<\/p>\n\n\n\n<p>Na 20. redovnoj sjednici Op\u0107inskog vije\u0107a Stari Grad Sarajevo odr\u017eanoj 29.11.2022. godine usvojen je prijedlog o obilje\u017eavanju 30. maja, kao Dana maloljetnog borca Op\u0107ine Stari Grad Sarajevo.<\/p>\n\n\n\n<p>\u201cVe\u0107 tre\u0107u godinu zaredom obilje\u017eavamo Dan maloljetnih boraca Op\u0107ine Stari Grad, kao i dan sje\u0107anja na najmla\u0111eg \u0161ehida op\u0107ine Aliju Oru\u010da koji je poginuo u direktnim borbenim dejstvima. Alija je poginuo 30.05 zajedno sa jo\u0161 28 svojih saboraca, ali obilje\u017eavanje tog dana smo pomjerili na 28.05 zbog ve\u0107e posje\u0107enosti jer je vikend,\u201d izjavio je Sanel Kru\u0161\u010dica, predsjednik Udru\u017eenja maloljetnih boraca Op\u0107ine Stari Grad. Dodao je i da mu je \u017eelja da ovaj datum postane trenutak dru\u017eenja svih boraca iz Starog Grada, jer kako ka\u017ee, odbrana grada i domovine je po\u010dela upravo iz Starog Grada.<\/p>\n\n\n\n<p>U \u010dast ovom hrabrom mladom \u010dovjeku koji je dao svoj \u017eivot za odbranu grada i domovine, iz Op\u0107ine Stari Grad pokrenuta je inicijativa da se ulici od Opservatorija na Trebevi\u0107u du\u017e bob staze do Vidikovca dodijeli naziv Ulica Alije Oru\u010da. Skup\u0161tina Kantona Sarajevo je na 7.redovnoj sjednici odr\u017eanoj pro\u0161log mjeseca prihvatila inicijativu i donijela odluku o nazivu ulice \u201cUlica Alije Oru\u010da\u201d.<\/p>\n\n\n\n<p>Dana\u0161njem doga\u0111aju prisustvovala je i majka rahmetli Alije Oru\u010da, Fikreta Begovi\u0107. \u201ePored Alije, u ratu sam izgubila i drugog sina Admira. Sre\u0107om ostala mi je k\u0107erka, koja mi je podarila i unu\u010dad i samo zbog njih sam uspjela sve ovo da pre\u017eivim. U pripremi zla koje nam se desilo, Alija je pu\u0161ku uzeo sa 16 godina i vrlo brzo se dokazao u svojoj jedinici kao hrabar i pouzdan borac, iako su mu svi branili da bude dio svih tih opasnih operacija, kao i ja, ali jednostavno me nije \u017eelio slu\u0161ati ni \u010duti\u201c, izjavila je Fikreta.<\/p>\n\n\n\n<p>Centralni program uz danas je odr\u017ean na platou ispod Vidikovca, nakon \u010dega su prisutni krenuli na lokalitet Pitinih stijena gdje je prou\u010dena Fatiha i polo\u017eeno cvije\u0107e. U ime Op\u0107ine Stari Grad doga\u0111aju su vije\u0107nici Op\u0107inskog vije\u0107a Stari Grad, a me\u0111u njima i Emir Bi\u0107o, od koga je i potekla inicijativa o odr\u017eavanju obilje\u017eavanju 30. maja, kao Dana maloljetnog borca Op\u0107ine Stari Grad Sarajevo.<\/p>\n\n\n\n<p>\u201eMoramo o\u017eivjeti kulturu sje\u0107anja na borce iz Starog Grada, koji su se borili ovdje na Trebevi\u0107u. On je neopravdano zapostavljen, ovdje su se odvijali najkrvavije bitke u odbrani Sarajeva. U Starom Gradu je prakti\u010dki sve po\u010delo, prve granate su pale na Jar\u010dedole, na Gazijin han, na Faleti\u0107e, na Vratnik, na Bistik. Ponosni smo \u0161to ovaj lokalitet ovdje nosi ime maloljetnog \u0161ehida Alije Oru\u010da\u201c, kazao je Bi\u0107o.<\/p>\n\n\n\n<p>Op\u0107ina Stari Grad Sarajevo je po\u010detkom ovog mjeseca Udru\u017eenju maloljetnih boraca Stari Grad dodijelila priznanje Op\u0107inska povelja sa zlatnim \u0161titom, povodom 02.maja Dana Op\u0107ine Stari Grad<\/p>\n\n\n\n<p><\/p>\n","protected":false},"excerpt":{"rendered":"<p>Ove godine navr\u0161ava se 30 godina otkako je 30.maja, 1993.godine u akciji na Pitinim stijenama u direktnim borbenim dejstvima izgubio svoj mladi \u017eivot maloljetni borac Armije RBiH Alija Oru\u010d. Kao maloljetni borac sa Grli\u010di\u0107a Brda, na samom po\u010detku agresije Alija se priklju\u010dio Armiji Republike Bosne i Hercegovine u odbrani grada. Prva jedinica u kojoj je [&hellip;]<\/p>\n","protected":false},"author":59,"featured_media":37606,"comment_status":"open","ping_status":"open","sticky":false,"template":"","format":"standard","meta":{"inline_featured_image":false,"footnotes":""},"categories":[376,37,38],"tags":[],"class_list":{"0":"post-37605","1":"post","2":"type-post","3":"status-publish","4":"format-standard","5":"has-post-thumbnail","7":"category-featured","8":"category-vijesti","9":"category-vijesti-iz-bih"},"acf":[],"_links":{"self":[{"href":"https:\/\/tvsensor.com\/api\/wp\/v2\/posts\/37605","targetHints":{"allow":["GET"]}}],"collection":[{"href":"https:\/\/tvsensor.com\/api\/wp\/v2\/posts"}],"about":[{"href":"https:\/\/tvsensor.com\/api\/wp\/v2\/types\/post"}],"author":[{"embeddable":true,"href":"https:\/\/tvsensor.com\/api\/wp\/v2\/users\/59"}],"replies":[{"embeddable":true,"href":"https:\/\/tvsensor.com\/api\/wp\/v2\/comments?post=37605"}],"version-history":[{"count":2,"href":"https:\/\/tvsensor.com\/api\/wp\/v2\/posts\/37605\/revisions"}],"predecessor-version":[{"id":37608,"href":"https:\/\/tvsensor.com\/api\/wp\/v2\/posts\/37605\/revisions\/37608"}],"wp:featuredmedia":[{"embeddable":true,"href":"https:\/\/tvsensor.com\/api\/wp\/v2\/media\/37606"}],"wp:attachment":[{"href":"https:\/\/tvsensor.com\/api\/wp\/v2\/media?parent=37605"}],"wp:term":[{"taxonomy":"category","embeddable":true,"href":"https:\/\/tvsensor.com\/api\/wp\/v2\/categories?post=37605"},{"taxonomy":"post_tag","embeddable":true,"href":"https:\/\/tvsensor.com\/api\/wp\/v2\/tags?post=37605"}],"curies":[{"name":"wp","href":"https:\/\/api.w.org\/{rel}","templated":true}]}}