{"id":37556,"date":"2025-05-26T23:06:49","date_gmt":"2025-05-26T22:06:49","guid":{"rendered":"https:\/\/tvsensor.com\/?p=37556"},"modified":"2025-05-26T23:15:30","modified_gmt":"2025-05-26T22:15:30","slug":"nova-linija-svicarska-sarajevo","status":"publish","type":"post","link":"https:\/\/tvsensor.com\/clanak\/nova-linija-svicarska-sarajevo\/","title":{"rendered":"NOVA LUXUZNA LINIJA: \u0160vicarska \u2013 BiH"},"content":{"rendered":"\n<h4 class=\"wp-block-heading\"><strong>Prvi polazak: 27. juni 2025.<\/strong><\/h4>\n\n\n\n<h4 class=\"wp-block-heading\"><strong>Cijena u jednom pravcu: 99 CHF (stalna cijena \u2013 bez sezonskih poskupljenja!)<\/strong><\/h4>\n\n\n\n<hr class=\"wp-block-separator has-alpha-channel-opacity\"\/>\n\n\n\n<h4 class=\"wp-block-heading\">\u2705 <strong>Luksuzno putovanje po pristupa\u010dnoj cijeni? Sada je mogu\u0107e!<\/strong><\/h4>\n\n\n\n<p>Zahvaljuju\u0107i viziji i predanom radu bosanskohercegova\u010dkog poduzetnika koji \u017eivi i radi u \u0160vicarskoj, <strong>Besima<\/strong>, dugo o\u010dekivana VIP autobuska linija na relaciji <strong>\u0160vicarska \u2013 Sarajevo<\/strong> kona\u010dno postaje stvarnost!<br>Njegova ideja da na\u0161im ljudima ponudi ne\u0161to vi\u0161e \u2013 vi\u0161e udobnosti, sigurnosti i profesionalnosti \u2013 sada se ostvaruje kroz prvu redovnu liniju luksuznim dvospratnim autobusima, po cijeni od samo <strong>99 CHF u jednom pravcu<\/strong>, bez sezonskih poskupljenja.<\/p>\n\n\n\n<p>Besim je, prepoznaju\u0107i potrebe na\u0161e dijaspore, odlu\u010dio pokrenuti uslugu kakvu do sada nismo imali \u2013 uslugu koja putovanje pretvara u u\u017eivanje. Njegov trud i iskustvo u transportnom sektoru preto\u010deni su u projekat koji \u0107e zasigurno promijeniti standarde putovanja izme\u0111u BiH i \u0160vicarske.<\/p>\n\n\n\n<hr class=\"wp-block-separator has-alpha-channel-opacity\"\/>\n\n\n\n<h4 class=\"wp-block-heading\"><strong>\ud83d\ude8c PONUDA<\/strong><\/h4>\n\n\n\n<p>\u2022 Le\u017ee\u0107a sjedi\u0161ta s 1.2 m razmaka<br>\u2022 Dvospratni autobus s bistroom<br>\u2022 Jedna stjuardesa stalno na usluzi<br>\u2022 Mini kupatilo + zasebni WC<br>\u2022 Topla i hladna pi\u0107a, bosanski meni<br>\u2022 Red i ta\u010dnost u vo\u017enji<br>\u2022 Direktna linija bez zadr\u017eavanja po manjim mjestima<br>\u2022 Transferi minibusevima iz manjih gradova BiH<\/p>\n\n\n\n<hr class=\"wp-block-separator has-alpha-channel-opacity\"\/>\n\n\n\n<h4 class=\"wp-block-heading\"><strong>\ud83d\udccd RED VO\u017dNJE<\/strong><\/h4>\n\n\n\n<h4 class=\"wp-block-heading\"><strong>POLASCI IZ \u0160VICARSKE (Petkom i utorkom):<\/strong><\/h4>\n\n\n\n<p>Geneva \u2013 12:00<br>Lausanne \u2013 13:00<br>Yverdon \u2013 13:45<br>Neuch\u00e2tel \u2013 14:45<br>Bern \u2013 15:30<br>Aarau \u2013 16:40<br>Z\u00fcrich \u2013 17:30<br>Luzern \u2013 18:30<br>Altdorf \u2013 19:20<br>Arbedo-Castione \u2013 21:10<br>Lugano \u2013 22:05<\/p>\n\n\n\n<h4 class=\"wp-block-heading\"><strong>POLASCI IZ BOSNE (Nedjeljom i \u010detvrtkom):<\/strong><\/h4>\n\n\n\n<p>Sarajevo \u2013 06:00<br>Visoko \u2013 06:40<br>Kakanj \u2013 07:05<br>Zenica \u2013 07:35<br>\u017dep\u010de \u2013 08:25<br>Maglaj \u2013 08:58<br>Doboj \u2013 09:25<br>Derventa \u2013 10:15<br>Bosanski Brod \u2013 10:50<\/p>\n\n\n\n<hr class=\"wp-block-separator has-alpha-channel-opacity\"\/>\n\n\n\n<h4 class=\"wp-block-heading\">\ud83c\udfab <strong>REZERVI\u0160ITE NA VRIJEME!<\/strong><\/h4>\n\n\n\n<p>\u2705 Stalna cijena: <strong>99 CHF<\/strong> u jednom pravcu<br>\u2705 Nema skrivenih tro\u0161kova<br>\u2705 Putujte brzo, udobno i bez stresa<\/p>\n\n\n\n<p>Besim i njegov tim su tu da svakom putniku pru\u017ee iskustvo putovanja kakvo zaslu\u017euje.<br><\/p>\n\n\n\n<p>Rezervacije i informacije:<\/p>\n\n\n\n<p>Bosna Expres \u2013 Domo Reisen &amp; Vertriebs AG<\/p>\n\n\n\n<p>Telefon: +41 44 828 60 40, Mobilni: +41 78 330 80 81<\/p>\n\n\n\n<p><\/p>\n","protected":false},"excerpt":{"rendered":"<p>Prvi polazak: 27. juni 2025. Cijena u jednom pravcu: 99 CHF (stalna cijena \u2013 bez sezonskih poskupljenja!) \u2705 Luksuzno putovanje po pristupa\u010dnoj cijeni? Sada je mogu\u0107e! Zahvaljuju\u0107i viziji i predanom radu bosanskohercegova\u010dkog poduzetnika koji \u017eivi i radi u \u0160vicarskoj, Besima, dugo o\u010dekivana VIP autobuska linija na relaciji \u0160vicarska \u2013 Sarajevo kona\u010dno postaje stvarnost!Njegova ideja da [&hellip;]<\/p>\n","protected":false},"author":59,"featured_media":37557,"comment_status":"open","ping_status":"open","sticky":false,"template":"","format":"standard","meta":{"inline_featured_image":false,"footnotes":""},"categories":[376,155,239],"tags":[],"class_list":{"0":"post-37556","1":"post","2":"type-post","3":"status-publish","4":"format-standard","5":"has-post-thumbnail","7":"category-featured","8":"category-life-style","9":"category-putovanja"},"acf":[],"_links":{"self":[{"href":"https:\/\/tvsensor.com\/api\/wp\/v2\/posts\/37556","targetHints":{"allow":["GET"]}}],"collection":[{"href":"https:\/\/tvsensor.com\/api\/wp\/v2\/posts"}],"about":[{"href":"https:\/\/tvsensor.com\/api\/wp\/v2\/types\/post"}],"author":[{"embeddable":true,"href":"https:\/\/tvsensor.com\/api\/wp\/v2\/users\/59"}],"replies":[{"embeddable":true,"href":"https:\/\/tvsensor.com\/api\/wp\/v2\/comments?post=37556"}],"version-history":[{"count":6,"href":"https:\/\/tvsensor.com\/api\/wp\/v2\/posts\/37556\/revisions"}],"predecessor-version":[{"id":37565,"href":"https:\/\/tvsensor.com\/api\/wp\/v2\/posts\/37556\/revisions\/37565"}],"wp:featuredmedia":[{"embeddable":true,"href":"https:\/\/tvsensor.com\/api\/wp\/v2\/media\/37557"}],"wp:attachment":[{"href":"https:\/\/tvsensor.com\/api\/wp\/v2\/media?parent=37556"}],"wp:term":[{"taxonomy":"category","embeddable":true,"href":"https:\/\/tvsensor.com\/api\/wp\/v2\/categories?post=37556"},{"taxonomy":"post_tag","embeddable":true,"href":"https:\/\/tvsensor.com\/api\/wp\/v2\/tags?post=37556"}],"curies":[{"name":"wp","href":"https:\/\/api.w.org\/{rel}","templated":true}]}}