{"id":37471,"date":"2025-05-04T21:59:57","date_gmt":"2025-05-04T20:59:57","guid":{"rendered":"https:\/\/tvsensor.com\/?p=37471"},"modified":"2025-05-05T11:56:30","modified_gmt":"2025-05-05T10:56:30","slug":"naslov-kako-je-ulcinj-grad-s-vecinskim-albanskim-stanovnistvom-predat-crnoj-gori-1880","status":"publish","type":"post","link":"https:\/\/tvsensor.com\/clanak\/naslov-kako-je-ulcinj-grad-s-vecinskim-albanskim-stanovnistvom-predat-crnoj-gori-1880\/","title":{"rendered":"Kako je Ulcinj, grad s ve\u0107inskim albanskim stanovni\u0161tvom, predat Crnoj Gori 1880."},"content":{"rendered":"\n<p>Grad Ulcinj, smje\u0161ten na crnogorskoj obali Jadranskog mora, danas je prepoznat kao jedno od turistickih sredi\u0161ta Crne Gore. Ipak, njegov prelazak iz osmanske u crnogorsku vlast krajem 19. stolje\u0107a bio je sve osim miran. Ovaj tekst donosi hronologiju doga\u0111aja koji su doveli do toga da Ulcinj, grad sa prete\u017eno albanskim stanovni\u0161tvom, bude predat Crnoj Gori 1880. godine, uprkos sna\u017enom lokalnom otporu i politi\u010dkim previranjima u regiji.<\/p>\n\n\n\n<p><strong>Historijski kontekst<\/strong> Do kraja 19. stolje\u0107a Ulcinj je bio pod upravom Osmanskog Carstva, u sastavu Skadarskog vilajeta. Grad je imao va\u017enu pomorsku funkciju, bio poznat po trgovini i brodogradnji, te je imao vi\u0161evekovnu tradiciju albanskog prisustva.<\/p>\n\n\n\n<p><strong>Berlinski kongres 1878: Po\u010detak krize<\/strong> Nakon ratova izme\u0111u Osmanlija i balkanskih zemalja (1876\u20131878), Rusija i Osmansko Carstvo potpisuju Sanstefanski mirovni ugovor. No, zbog intervencije zapadnih sila, sazvan je Berlinski kongres. Njime se Osmansko Carstvo obavezalo da preda odre\u0111ene teritorije Crnoj Gori, me\u0111u kojima je prvobitno bio i grad Skadar.<\/p>\n\n\n\n<figure class=\"wp-block-image size-full\"><img loading=\"lazy\" decoding=\"async\" width=\"1024\" height=\"716\" src=\"https:\/\/tvsensor.com\/wp-content\/uploads\/2025\/05\/ulcinj-old-map.jpg\" alt=\"\" class=\"wp-image-37472\" srcset=\"https:\/\/tvsensor.com\/wp-content\/uploads\/2025\/05\/ulcinj-old-map.jpg 1024w, https:\/\/tvsensor.com\/wp-content\/uploads\/2025\/05\/ulcinj-old-map-150x105.jpg 150w, https:\/\/tvsensor.com\/wp-content\/uploads\/2025\/05\/ulcinj-old-map-768x537.jpg 768w, https:\/\/tvsensor.com\/wp-content\/uploads\/2025\/05\/ulcinj-old-map-300x210.jpg 300w, https:\/\/tvsensor.com\/wp-content\/uploads\/2025\/05\/ulcinj-old-map-696x487.jpg 696w, https:\/\/tvsensor.com\/wp-content\/uploads\/2025\/05\/ulcinj-old-map-100x70.jpg 100w\" sizes=\"auto, (max-width: 1024px) 100vw, 1024px\" \/><\/figure>\n\n\n\n<p>Me\u0111utim, zbog protivljenja lokalnog albanskog stanovni\u0161tva i nestabilnosti u regionu, odluka o predaji Skadra je zamijenjena zahtjevom da se Crnoj Gori dodijeli Ulcinj.<\/p>\n\n\n\n<p><strong>Otpor albanskog stanovni\u0161tva (1878\u20131880)<\/strong> Vest o predaji Ulcinja izaziva \u017eestoku reakciju me\u0111u Albancima. Liga u Prizrenu, politi\u010dka organizacija osnovana radi za\u0161tite albanskih teritorija, organizira odbranu grada. Formirane su milicije, postavljene barikade, a stanovnici su se masovno uklju\u010divali u otpor.<\/p>\n\n\n\n<p><strong>Me\u0111unarodni pritisci i pomorska blokada<\/strong> Velike sile (Velika Britanija, Austro-Ugarska, Italija) izvr\u0161ile su pritisak na Osmansko Carstvo da sprovede odluku Berlinskog kongresa. U oktobru 1880. godine, evropske sile uvode <strong>pomorsku blokadu Ulcinja<\/strong>, kako bi prisilile Osmansku vlast da se povu\u010de.<\/p>\n\n\n\n<p><strong>Predaja Ulcinja Crnoj Gori (novembar 1880.)<\/strong> Nakon vi\u0161emjese\u010dne krize, Osmansko Carstvo se povuklo, a Ulcinj je 26. novembra 1880. zvani\u010dno predat Crnoj Gori. Mnogi Albanci su tada napustili grad i naselili se u Skadru i drugim dijelovima Albanije.<\/p>\n\n\n\n<p><strong>Vremenska linija doga\u0111aja<\/strong><\/p>\n\n\n\n<ul class=\"wp-block-list\">\n<li><strong>1571.<\/strong> \u2013 Ulcinj prelazi iz ruku Mletaka u Osmansko Carstvo.<\/li>\n\n\n\n<li><strong>1876\u20131878.<\/strong> \u2013 Balkanski ratovi protiv Osmanskog Carstva.<\/li>\n\n\n\n<li><strong>3. mart 1878.<\/strong> \u2013 Sanstefanski mir: Skadar predvi\u0111en za Crnu Goru.<\/li>\n\n\n\n<li><strong>13. juli 1878.<\/strong> \u2013 Berlinski kongres: umjesto Skadra, Crnoj Gori se obe\u0107ava Ulcinj.<\/li>\n\n\n\n<li><strong>1879\u20131880.<\/strong> \u2013 Liga u Prizrenu organizira otpor predaji Ulcinja.<\/li>\n\n\n\n<li><strong>oktobar 1880.<\/strong> \u2013 Pomorska blokada Ulcinja od strane evropskih sila.<\/li>\n\n\n\n<li><strong>26. novembar 1880.<\/strong> \u2013 Ulcinj zvani\u010dno predat Crnoj Gori.<\/li>\n<\/ul>\n\n\n\n<p><strong>Zaklju\u010dak<\/strong> Ulcinjska kriza je bila jedan od klju\u010dnih trenutaka u formiranju moderne teritorijalne karte Balkana. Iako se Ulcinj danas nalazi u sastavu Crne Gore, njegovo historijsko naslje\u0111e i kulturna povezanost s albanskim narodom ostaju duboko ukorijenjeni u identitetu grada.<\/p>\n","protected":false},"excerpt":{"rendered":"<p>Grad Ulcinj, smje\u0161ten na crnogorskoj obali Jadranskog mora, danas je prepoznat kao jedno od turistickih sredi\u0161ta Crne Gore. Ipak, njegov prelazak iz osmanske u crnogorsku vlast krajem 19. stolje\u0107a bio je sve osim miran. Ovaj tekst donosi hronologiju doga\u0111aja koji su doveli do toga da Ulcinj, grad sa prete\u017eno albanskim stanovni\u0161tvom, bude predat Crnoj Gori [&hellip;]<\/p>\n","protected":false},"author":59,"featured_media":37473,"comment_status":"open","ping_status":"open","sticky":false,"template":"","format":"standard","meta":{"inline_featured_image":false,"footnotes":""},"categories":[376,47,53],"tags":[],"class_list":{"0":"post-37471","1":"post","2":"type-post","3":"status-publish","4":"format-standard","5":"has-post-thumbnail","7":"category-featured","8":"category-historija","9":"category-magazin"},"acf":[],"_links":{"self":[{"href":"https:\/\/tvsensor.com\/api\/wp\/v2\/posts\/37471","targetHints":{"allow":["GET"]}}],"collection":[{"href":"https:\/\/tvsensor.com\/api\/wp\/v2\/posts"}],"about":[{"href":"https:\/\/tvsensor.com\/api\/wp\/v2\/types\/post"}],"author":[{"embeddable":true,"href":"https:\/\/tvsensor.com\/api\/wp\/v2\/users\/59"}],"replies":[{"embeddable":true,"href":"https:\/\/tvsensor.com\/api\/wp\/v2\/comments?post=37471"}],"version-history":[{"count":5,"href":"https:\/\/tvsensor.com\/api\/wp\/v2\/posts\/37471\/revisions"}],"predecessor-version":[{"id":37484,"href":"https:\/\/tvsensor.com\/api\/wp\/v2\/posts\/37471\/revisions\/37484"}],"wp:featuredmedia":[{"embeddable":true,"href":"https:\/\/tvsensor.com\/api\/wp\/v2\/media\/37473"}],"wp:attachment":[{"href":"https:\/\/tvsensor.com\/api\/wp\/v2\/media?parent=37471"}],"wp:term":[{"taxonomy":"category","embeddable":true,"href":"https:\/\/tvsensor.com\/api\/wp\/v2\/categories?post=37471"},{"taxonomy":"post_tag","embeddable":true,"href":"https:\/\/tvsensor.com\/api\/wp\/v2\/tags?post=37471"}],"curies":[{"name":"wp","href":"https:\/\/api.w.org\/{rel}","templated":true}]}}