{"id":37467,"date":"2025-05-04T20:42:56","date_gmt":"2025-05-04T19:42:56","guid":{"rendered":"https:\/\/tvsensor.com\/?p=37467"},"modified":"2025-05-04T20:43:56","modified_gmt":"2025-05-04T19:43:56","slug":"akademik-prof-dr-suad-kurtcehajic-tito-je-jedna-od-najvecih-historijskih-licnosti-za-bih","status":"publish","type":"post","link":"https:\/\/tvsensor.com\/clanak\/akademik-prof-dr-suad-kurtcehajic-tito-je-jedna-od-najvecih-historijskih-licnosti-za-bih\/","title":{"rendered":"Akademik prof.dr. suad Kurt\u0107ehaji\u0107: Tito je jedna od najve\u0107ih historijskih li\u010dnosti za BiH\u00a0"},"content":{"rendered":"\n<p><strong>Akademik prof.dr. suad Kurt\u0107ehaji\u0107<\/strong><\/p>\n\n\n\n<p>Danas je prije 45 godina umro drug Tito \u010dijom zaslugom je Bosna i Hercegovina nakon 480 godina postavila temelje svojoj novovjekovnoj dr\u017eavnosti u okvirima Jugoslavije nakon pada pod Osmanlije 1463. godine. Bila je to najve\u0107a sahrana u historiji \u010dovje\u010danstva. Svi jugoslovenski narodi su bili ponosni da su imali takvu svjetsku veli\u010dinu za svog predsjednika.&nbsp;<br>Da nije bilo Josipa Broza Tita i njegovih komunista i partizana danas bi se o Bosni u\u010dilo u na\u0161im \u0161kolama samo kao o srednjevjekovnoj dr\u017eavi od kralja Tvrka do Stjepana Toma\u0161evi\u0107a i pominjao bi se Kulin ban koji je imao relativno visoku samostalnost a muslimani bi bili vjerska skupina koja bi se borila za ostvarivanje svojih vjerskih prava.&nbsp;<br>Ovo se mora shvatiti jer Bosne i Hercegovine nije bilo imenom ni u Kraljevini Jugoslavije ni u Kraljevini SHS a zavr\u0161etak Prvog svjetskog rata do\u010dekala je kao dio teritorije AustroUgarske koji se komadao me\u0111u saveznicima ( sile Antante). Sporazumom Cvjetkovi\u0107-Ma\u010dek od 26. avgusta 1939. godine kojom je stvarana Hrvatska banovina od Savske i Primorske a sada\u0161nji prostor Bosne i Hercegovine se dijelio izme\u0111u srpske i hrvatske interesne sfere po principu gdje su Hrvati u ve\u0107ini ide Hrvatskoj banovini a gdje su Srbi u ve\u0107ini budu\u0107im srpskim zemljma. Muslimani su tretirani vjerskom skupinom koja nema pravo na svoj teritorij a tome su mo\u017eda doprinijeli muslimanski intelektualci u vrijeme Austrougarske koji su uporno odbijali sedamanaestogodi\u0161nja nastojanja Kalaja od (1886-1903) koji je sufinansirao list Bo\u0161njak da bi se to ime pro\u0161irilo i prihvatilo, &nbsp;i da kad je ve\u0107 zakasnio za bosanske pravoslavce i katolike bosanski muslimani prihvate tada korisno imenovanje Bo\u0161njak kako su nas Austrougari zvali za svoj etni\u010dki i nacionalni identitet. Odgovor na\u0161ih tada muslimanskih prvaka je bio da ih to ime ne zanima ve\u0107 samo vjerska i kulturna autonomija \u0161to je nepovoljno uticalo na pozicioniranja bosanskih muslimana u vremenima koja su slijedila.&nbsp;<br>Tito je stvorio Pokrajinski komitet KPJ za BiH koji je zauzeo stav u julu 1940. godine da Bosna i Hercegovina bude pokrajina u budu\u0107oj jugoslovenskoj federaciji \u0161to je potvr\u0111eno na Petoj zemaljskoj konferenciji KP Jugoslavije u oktobru 1940. godine u Zagrebu. Tito sa svojim partizanima pozivaju\u0107i se na prirodno pravo na odbranu zemlje di\u017ee ustanak naroda Jugoslavije nakon sloma Kraljevine Jugoslavije 17. aprila 1941. godine odlukom Politbiroa KPSKJ od 04. jula 1941. godine. Najpresudnije bitke za opstanak Titovog partizanskog pokreta bile su bitka na Neretvi i bitka na Sutjesci. Da je u tim bitkama Titov pokret slomljen Bosne i Hercegovine ne bi bilo na mapi Evrope ni u jednoj varijanti zavr\u0161etka Drugog svjetskog rata a muslimani bi bili vjerska skupina u svim budu\u0107im rje\u0161enjima ali im je prijetio i biolo\u0161ki nestanak jer su prema rje\u0161enjima Memoranduma homogena Srbija \u010detni\u010dkog ideologa Stevana Moljevi\u0107a muslimani trebali biti protjerani za Anadoliju i Albaniju. Nakon \u0161to Titov partizanski pokret probio obru\u010d na Sutjesci i oslobodio dvije tre\u0107ine Bosne i Hercegovine odr\u017eavaju se ZAVNOBiH i AVNOJ u novembru 1943. godine. Muslimanima je u Bosni i Hercegovini dat ravnopravan status sa imenom Musliman ali na AVNOJ-u je prevladalo mi\u0161ljenje da se radi o vjerskoj skupini i stvorena je Jugoslavija sa \u0161est federalnih jedinica i pet naroda. Kada se vidjelo da muslimani ne prihvataju asimiliranje me\u0111u Srbe i Hrvate i da su radije prihvatali da se pi\u0161u 1948. godine neopredijeljen, 1953. godine Jugosloven neopredijeljen, na popisu 1961. godine dato im je da se pi\u0161u muslimani sa malim m u etni\u010dkom smislu i kad su rezultati pokazali da ih ima blizu milion i da odbijaju asimilranje me\u0111u Srbe i Hrvate, Centralni komitet BiH je 1968. godine proglasio Muslimane kao \u0161estu jugoslovensku naciju \u0161to je u\u0161lo 1971. godine u tre\u0107u grupu ustavnih amandmana na Ustav SFRJ 1971. godine i na popisu iste godine Muslimani su prvi put nakon dolaska Austrougarske i njihovog prvog popisa 1879. godine postali najbrojniji narod u Bosni i Hercegovini. Sve ustavne definicije Ustava NRBiH 1846. godine preko Ustava SRBiH 1963.godine do Ustava SRBiH od 1974. godine odre\u0111ivali su Bosnu i Hercegovinu dr\u017eavom u okviru Jugoslavije kao savezne dr\u017eave. Da nije imala takvu poziciju u jugoslovenskoj krizi i njenom raspadu Bosna i Hercegovina bi bila u mnogo te\u017eoj situaciji. Najve\u0107e zasluge za to ima Tito i zato mu moramo biti zahvalni kao i svim komunistima i partizanima u Bosni i Hercegovini koji su polo\u017eili svoje \u017eivote za izgradnju Bosne i Hercegovine i Jugoslavije bez koje ne bi bilo ni sada\u0161nje Bosne i Hercegovine. I zato mu vje\u010dna slava i hvala.<\/p>\n","protected":false},"excerpt":{"rendered":"<p>Akademik prof.dr. suad Kurt\u0107ehaji\u0107 Danas je prije 45 godina umro drug Tito \u010dijom zaslugom je Bosna i Hercegovina nakon 480 godina postavila temelje svojoj novovjekovnoj dr\u017eavnosti u okvirima Jugoslavije nakon pada pod Osmanlije 1463. godine. Bila je to najve\u0107a sahrana u historiji \u010dovje\u010danstva. Svi jugoslovenski narodi su bili ponosni da su imali takvu svjetsku veli\u010dinu [&hellip;]<\/p>\n","protected":false},"author":59,"featured_media":37468,"comment_status":"open","ping_status":"open","sticky":false,"template":"","format":"standard","meta":{"inline_featured_image":false,"footnotes":""},"categories":[376,53,56],"tags":[],"class_list":{"0":"post-37467","1":"post","2":"type-post","3":"status-publish","4":"format-standard","5":"has-post-thumbnail","7":"category-featured","8":"category-magazin","9":"category-zanimljivosti"},"acf":[],"_links":{"self":[{"href":"https:\/\/tvsensor.com\/api\/wp\/v2\/posts\/37467","targetHints":{"allow":["GET"]}}],"collection":[{"href":"https:\/\/tvsensor.com\/api\/wp\/v2\/posts"}],"about":[{"href":"https:\/\/tvsensor.com\/api\/wp\/v2\/types\/post"}],"author":[{"embeddable":true,"href":"https:\/\/tvsensor.com\/api\/wp\/v2\/users\/59"}],"replies":[{"embeddable":true,"href":"https:\/\/tvsensor.com\/api\/wp\/v2\/comments?post=37467"}],"version-history":[{"count":2,"href":"https:\/\/tvsensor.com\/api\/wp\/v2\/posts\/37467\/revisions"}],"predecessor-version":[{"id":37470,"href":"https:\/\/tvsensor.com\/api\/wp\/v2\/posts\/37467\/revisions\/37470"}],"wp:featuredmedia":[{"embeddable":true,"href":"https:\/\/tvsensor.com\/api\/wp\/v2\/media\/37468"}],"wp:attachment":[{"href":"https:\/\/tvsensor.com\/api\/wp\/v2\/media?parent=37467"}],"wp:term":[{"taxonomy":"category","embeddable":true,"href":"https:\/\/tvsensor.com\/api\/wp\/v2\/categories?post=37467"},{"taxonomy":"post_tag","embeddable":true,"href":"https:\/\/tvsensor.com\/api\/wp\/v2\/tags?post=37467"}],"curies":[{"name":"wp","href":"https:\/\/api.w.org\/{rel}","templated":true}]}}