{"id":36664,"date":"2024-06-16T20:57:30","date_gmt":"2024-06-16T19:57:30","guid":{"rendered":"https:\/\/tvsensor.com\/?p=36664"},"modified":"2024-06-16T20:58:10","modified_gmt":"2024-06-16T19:58:10","slug":"dove-medju-rusevinama-u-gazi-prvog-dana-bajrama","status":"publish","type":"post","link":"https:\/\/tvsensor.com\/clanak\/dove-medju-rusevinama-u-gazi-prvog-dana-bajrama\/","title":{"rendered":"Dove me\u0111u ru\u0161evinama u Gazi prvog dana Bajrama"},"content":{"rendered":"\n<p>U ratom pogo\u0111enom Pojasu Gaze, me\u0111u ru\u0161evinama je obilje\u017een veliki islamski praznik \u2013 Kurban-bajram. Umjesto tradicionalnih sve\u010danih obroka, dru\u017eenja s porodicom, nove odje\u0107e i poklona, ovogodi\u0161nji Bajram za Palestince izgleda druga\u010dije \u2013 s hranom iz humanitarne pomo\u0107i u \u0161atorima. Sukob u Gazi traje od oktobra 2023. godine, kada je Izrael, kao odgovor na napad Hamasa, grupe koju su EU i SAD ozna\u010dile kao teroristi\u010dku, zapo\u010deo granatiranje okupirane palestinske teritorije.<br><\/p>\n\n\n\n<p>Video: Radio Slobodna Evropa<\/p>\n","protected":false},"excerpt":{"rendered":"<p>U ratom pogo\u0111enom Pojasu Gaze, me\u0111u ru\u0161evinama je obilje\u017een veliki islamski praznik \u2013 Kurban-bajram. Umjesto tradicionalnih sve\u010danih obroka, dru\u017eenja s porodicom, nove odje\u0107e i poklona, ovogodi\u0161nji Bajram za Palestince izgleda druga\u010dije \u2013 s hranom iz humanitarne pomo\u0107i u \u0161atorima. Sukob u Gazi traje od oktobra 2023. godine, kada je Izrael, kao odgovor na napad Hamasa, [&hellip;]<\/p>\n","protected":false},"author":59,"featured_media":36665,"comment_status":"open","ping_status":"open","sticky":false,"template":"","format":"video","meta":{"inline_featured_image":false,"footnotes":""},"categories":[376,72,1192,1244],"tags":[],"class_list":{"0":"post-36664","1":"post","2":"type-post","3":"status-publish","4":"format-video","5":"has-post-thumbnail","7":"category-featured","8":"category-video-galerija","9":"category-vijesti-video-galerija","10":"category-zanimljivosti-video-galerija","11":"post_format-post-format-video"},"acf":[],"_links":{"self":[{"href":"https:\/\/tvsensor.com\/api\/wp\/v2\/posts\/36664","targetHints":{"allow":["GET"]}}],"collection":[{"href":"https:\/\/tvsensor.com\/api\/wp\/v2\/posts"}],"about":[{"href":"https:\/\/tvsensor.com\/api\/wp\/v2\/types\/post"}],"author":[{"embeddable":true,"href":"https:\/\/tvsensor.com\/api\/wp\/v2\/users\/59"}],"replies":[{"embeddable":true,"href":"https:\/\/tvsensor.com\/api\/wp\/v2\/comments?post=36664"}],"version-history":[{"count":1,"href":"https:\/\/tvsensor.com\/api\/wp\/v2\/posts\/36664\/revisions"}],"predecessor-version":[{"id":36666,"href":"https:\/\/tvsensor.com\/api\/wp\/v2\/posts\/36664\/revisions\/36666"}],"wp:featuredmedia":[{"embeddable":true,"href":"https:\/\/tvsensor.com\/api\/wp\/v2\/media\/36665"}],"wp:attachment":[{"href":"https:\/\/tvsensor.com\/api\/wp\/v2\/media?parent=36664"}],"wp:term":[{"taxonomy":"category","embeddable":true,"href":"https:\/\/tvsensor.com\/api\/wp\/v2\/categories?post=36664"},{"taxonomy":"post_tag","embeddable":true,"href":"https:\/\/tvsensor.com\/api\/wp\/v2\/tags?post=36664"}],"curies":[{"name":"wp","href":"https:\/\/api.w.org\/{rel}","templated":true}]}}