{"id":36576,"date":"2024-05-19T23:43:50","date_gmt":"2024-05-19T22:43:50","guid":{"rendered":"https:\/\/tvsensor.com\/?p=36576"},"modified":"2024-05-19T23:43:52","modified_gmt":"2024-05-19T22:43:52","slug":"latic-narod-nacionalizam-i-sovinizam-u-islamskom-svijetu-2","status":"publish","type":"post","link":"https:\/\/tvsensor.com\/clanak\/latic-narod-nacionalizam-i-sovinizam-u-islamskom-svijetu-2\/","title":{"rendered":"Lati\u0107: Narod, nacionalizam i \u0161ovinizam u islamskom svijetu"},"content":{"rendered":"\n<p>Danas je u organizaciji Bosanske akademije nauka i umjetnosti \u201cKulin ban\u201d u hotelu Holiday odr\u017ean nau\u010dni diskurs na temu: \u201cNarod, nacionalizam i \u0161ovinizam u islamskom svijetu\u201c na kojem je govorio akademik D\u017eemaludin Lati\u0107. Moderator je bio Abi Muhtari, po\u010dasni \u010dlan BANUK-a.&nbsp;<\/p>\n\n\n\n<p>Akademik D\u017eemaludin Lati\u0107 je obja\u0161njavaju\u0107i \u00a0etimologiju rije\u010di koje se odnose na zadatu temu:\u00a0al-qawm\u00a0(narod), a\u0161-\u0161u'b\u00a0(narod, nacija,\u00a0etnos),\u00a0al-qabila\u00a0(rod, pleme), al-milla\u00a0(vjerske vrijednosti, kultura i obi\u010daji),\u00a0kao i\u00a0al-\u2018asabiyya\u00a0(vjerski fanatizam i mr\u017enja),\u00a0obrazlo\u017eio kur'anske poglede na ova pitanja i iznio na koji na\u010din Kur'an i Sunnet osu\u0111uju i lije\u010de ove dru\u0161tvene bolesti.<br><\/p>\n\n\n\n<p>Svoje izlaganje je \u010desto povezivao sa pogledima Ursa Altermatta, \u0161vicarskog sociologa, koji je, u svojoj knjizi\u00a0Etnonacionalizam u Evropi\u2026,\u00a0Sarajevo nazvao evropskim svjetionikom, i to prvenstveno po millet-sistemu u kome je Bosna \u017eivjela stolje\u0107ima i \u010diji su tragovi i danas sna\u017eno prisutni u njoj. Na temelju ovih istra\u017eivanja, akademik Lati\u0107 je iznio svoju \u201erekonstrukciju\u201c (kur'anskog) millet-sistema u\u00a0savremenoj\u00a0Bosni i Hercegovini zala\u017eu\u0107i<br><\/p>\n","protected":false},"excerpt":{"rendered":"<p>Danas je u organizaciji Bosanske akademije nauka i umjetnosti \u201cKulin ban\u201d u hotelu Holiday odr\u017ean nau\u010dni diskurs na temu: \u201cNarod, nacionalizam i \u0161ovinizam u islamskom svijetu\u201c na kojem je govorio akademik D\u017eemaludin Lati\u0107. Moderator je bio Abi Muhtari, po\u010dasni \u010dlan BANUK-a.&nbsp; Akademik D\u017eemaludin Lati\u0107 je obja\u0161njavaju\u0107i \u00a0etimologiju rije\u010di koje se odnose na zadatu temu:\u00a0al-qawm\u00a0(narod), a\u0161-\u0161u'b\u00a0(narod, [&hellip;]<\/p>\n","protected":false},"author":59,"featured_media":36573,"comment_status":"open","ping_status":"open","sticky":false,"template":"","format":"video","meta":{"inline_featured_image":false,"footnotes":""},"categories":[72,1192,1244],"tags":[],"class_list":{"0":"post-36576","1":"post","2":"type-post","3":"status-publish","4":"format-video","5":"has-post-thumbnail","7":"category-video-galerija","8":"category-vijesti-video-galerija","9":"category-zanimljivosti-video-galerija","10":"post_format-post-format-video"},"acf":[],"_links":{"self":[{"href":"https:\/\/tvsensor.com\/api\/wp\/v2\/posts\/36576","targetHints":{"allow":["GET"]}}],"collection":[{"href":"https:\/\/tvsensor.com\/api\/wp\/v2\/posts"}],"about":[{"href":"https:\/\/tvsensor.com\/api\/wp\/v2\/types\/post"}],"author":[{"embeddable":true,"href":"https:\/\/tvsensor.com\/api\/wp\/v2\/users\/59"}],"replies":[{"embeddable":true,"href":"https:\/\/tvsensor.com\/api\/wp\/v2\/comments?post=36576"}],"version-history":[{"count":2,"href":"https:\/\/tvsensor.com\/api\/wp\/v2\/posts\/36576\/revisions"}],"predecessor-version":[{"id":36578,"href":"https:\/\/tvsensor.com\/api\/wp\/v2\/posts\/36576\/revisions\/36578"}],"wp:featuredmedia":[{"embeddable":true,"href":"https:\/\/tvsensor.com\/api\/wp\/v2\/media\/36573"}],"wp:attachment":[{"href":"https:\/\/tvsensor.com\/api\/wp\/v2\/media?parent=36576"}],"wp:term":[{"taxonomy":"category","embeddable":true,"href":"https:\/\/tvsensor.com\/api\/wp\/v2\/categories?post=36576"},{"taxonomy":"post_tag","embeddable":true,"href":"https:\/\/tvsensor.com\/api\/wp\/v2\/tags?post=36576"}],"curies":[{"name":"wp","href":"https:\/\/api.w.org\/{rel}","templated":true}]}}