{"id":36466,"date":"2024-04-16T13:15:47","date_gmt":"2024-04-16T12:15:47","guid":{"rendered":"https:\/\/tvsensor.com\/?p=36466"},"modified":"2024-04-16T13:28:40","modified_gmt":"2024-04-16T12:28:40","slug":"gradonacelnica-sarajeva-benjamina-karic-posjetila-pristinu-razgovarala-o-daljoj-saradnji-s-gradonacelnikom-rame-2","status":"publish","type":"post","link":"https:\/\/tvsensor.com\/clanak\/gradonacelnica-sarajeva-benjamina-karic-posjetila-pristinu-razgovarala-o-daljoj-saradnji-s-gradonacelnikom-rame-2\/","title":{"rendered":"Gradona\u010delnica Sarajeva Benjamina Kari\u0107 posjetila Pri\u0161tinu &#8211; razgovarala o daljoj saradnji s gradona\u010delnikom Rame"},"content":{"rendered":"<p><strong>Gradona\u010delnica Sarajeva Benjamina Kari\u0107 je posjetila Pri\u0161tinu &#8211; otkrila je \u0161to ju je posebno impresioniralo<\/strong><\/p>\n<p>Perparim Rama, gradona\u010delnik Pri\u0161tine, glavnog grada Kosova, danas je ugostio Benjaminu Kari\u0107, gradona\u010delnicu Sarajeva, glavnog grada Bosne i Hercegovine.<\/p>\n<p>Rama je izjavio da su zajedno pro\u0161etali pri\u0161tinskim trgovima i da je Kari\u0107u predstavio bogato kulturno naslije\u0111e kosovske prijestolnice.<\/p>\n","protected":false},"excerpt":{"rendered":"<p>Gradona\u010delnica Sarajeva Benjamina Kari\u0107 je posjetila Pri\u0161tinu &#8211; otkrila je \u0161to ju je posebno impresioniralo Perparim Rama, gradona\u010delnik Pri\u0161tine, glavnog grada Kosova, danas je ugostio Benjaminu Kari\u0107, gradona\u010delnicu Sarajeva, glavnog grada Bosne i Hercegovine. Rama je izjavio da su zajedno pro\u0161etali pri\u0161tinskim trgovima i da je Kari\u0107u predstavio bogato kulturno naslije\u0111e kosovske prijestolnice.<\/p>\n","protected":false},"author":161,"featured_media":36464,"comment_status":"open","ping_status":"open","sticky":false,"template":"","format":"video","meta":{"inline_featured_image":false,"footnotes":""},"categories":[1242,1241,72],"tags":[],"class_list":{"0":"post-36466","1":"post","2":"type-post","3":"status-publish","4":"format-video","5":"has-post-thumbnail","7":"category-dijalog","8":"category-politika-video-galerija","9":"category-video-galerija","10":"post_format-post-format-video"},"acf":[],"_links":{"self":[{"href":"https:\/\/tvsensor.com\/api\/wp\/v2\/posts\/36466","targetHints":{"allow":["GET"]}}],"collection":[{"href":"https:\/\/tvsensor.com\/api\/wp\/v2\/posts"}],"about":[{"href":"https:\/\/tvsensor.com\/api\/wp\/v2\/types\/post"}],"author":[{"embeddable":true,"href":"https:\/\/tvsensor.com\/api\/wp\/v2\/users\/161"}],"replies":[{"embeddable":true,"href":"https:\/\/tvsensor.com\/api\/wp\/v2\/comments?post=36466"}],"version-history":[{"count":2,"href":"https:\/\/tvsensor.com\/api\/wp\/v2\/posts\/36466\/revisions"}],"predecessor-version":[{"id":36469,"href":"https:\/\/tvsensor.com\/api\/wp\/v2\/posts\/36466\/revisions\/36469"}],"wp:featuredmedia":[{"embeddable":true,"href":"https:\/\/tvsensor.com\/api\/wp\/v2\/media\/36464"}],"wp:attachment":[{"href":"https:\/\/tvsensor.com\/api\/wp\/v2\/media?parent=36466"}],"wp:term":[{"taxonomy":"category","embeddable":true,"href":"https:\/\/tvsensor.com\/api\/wp\/v2\/categories?post=36466"},{"taxonomy":"post_tag","embeddable":true,"href":"https:\/\/tvsensor.com\/api\/wp\/v2\/tags?post=36466"}],"curies":[{"name":"wp","href":"https:\/\/api.w.org\/{rel}","templated":true}]}}