{"id":36459,"date":"2024-04-16T13:05:47","date_gmt":"2024-04-16T12:05:47","guid":{"rendered":"https:\/\/tvsensor.com\/?p=36459"},"modified":"2024-04-16T13:32:30","modified_gmt":"2024-04-16T12:32:30","slug":"gradonacelnica-sarajeva-benjamina-karic-posjetila-pristinu-razgovarala-o-daljoj-saradnji-s-gradonacelnikom-rame","status":"publish","type":"post","link":"https:\/\/tvsensor.com\/clanak\/gradonacelnica-sarajeva-benjamina-karic-posjetila-pristinu-razgovarala-o-daljoj-saradnji-s-gradonacelnikom-rame\/","title":{"rendered":"Gradona\u010delnica Sarajeva Benjamina Kari\u0107 posjetila Pri\u0161tinu &#8211; razgovarala o daljoj saradnji s gradona\u010delnikom Rame"},"content":{"rendered":"<p>Gradona\u010delnica Sarajeva Benjamina Kari\u0107 je posjetila Pri\u0161tinu &#8211; otkrila je \u0161to ju je posebno impresioniralo<\/p>\n<p>Perparim Rama, gradona\u010delnik Pri\u0161tine, glavnog grada Kosova, danas je ugostio Benjaminu Kari\u0107, gradona\u010delnicu Sarajeva, glavnog grada Bosne i Hercegovine.<\/p>\n<p>Rama je izjavio da su zajedno pro\u0161etali pri\u0161tinskim trgovima i da je Kari\u0107u predstavio bogato kulturno naslije\u0111e kosovske prijestolnice.<\/p>\n<p>&#8220;Impresionirana je na\u0161om \u017eivahno\u0161\u0107u i posebnim gostoprimstvom. Pozvala nas je u zvani\u010dnu posjetu Sarajevu kako bismo pro\u0161irili saradnju izme\u0111u dva glavna grada u razli\u010ditim oblastima&#8221;, rekao je Rama.<\/p>\n<p>Benjamina Kari\u0107, koja je prvi put posjetila Pri\u0161tinu, izjavila je da ljudi u Pri\u0161tini imaju istu du\u0161u i divnu tradiciju kao i ljudi u Sarajevu.<\/p>\n<p>Naglasila je da je uvjerena kako \u0107e nakon dana\u0161njeg sastanka prona\u0107i na\u010dine za unaprje\u0111enje saradnje u mnogim oblastima. VIDEO njenog posjeta mo\u017eete pogledati na<\/p>\n<p>Bosna i Hercegovina je jedina dr\u017eava u Evropi koja sa Republikom Kosovo jo\u0161 uvijek ima vizni re\u017eim zbog opstrukcija politike Entiteta Republika Srpska. Nadamo se da \u0107e i ova negativna praksa uskoro do\u0107i kraju, omogu\u0107avaju\u0107i slobodniju i prosperitetniju suradnju izme\u0111u ove dvije zemlje.<\/p>\n<p><a href=\"https:\/\/tvsensor.com\/clanak\/gradonacelnica-sarajeva-benjamina-karic-posjetila-pristinu-razgovarala-o-daljoj-saradnji-s-gradonacelnikom-rame-2\/\"><strong>Video pogledajte ovdje<\/strong><\/a><\/p>\n","protected":false},"excerpt":{"rendered":"<p>Gradona\u010delnica Sarajeva Benjamina Kari\u0107 je posjetila Pri\u0161tinu &#8211; otkrila je \u0161to ju je posebno impresioniralo Perparim Rama, gradona\u010delnik Pri\u0161tine, glavnog grada Kosova, danas je ugostio Benjaminu Kari\u0107, gradona\u010delnicu Sarajeva, glavnog grada Bosne i Hercegovine. Rama je izjavio da su zajedno pro\u0161etali pri\u0161tinskim trgovima i da je Kari\u0107u predstavio bogato kulturno naslije\u0111e kosovske prijestolnice. &#8220;Impresionirana je [&hellip;]<\/p>\n","protected":false},"author":161,"featured_media":36462,"comment_status":"open","ping_status":"open","sticky":false,"template":"","format":"gallery","meta":{"inline_featured_image":false,"footnotes":""},"categories":[43,376,37,38],"tags":[],"class_list":{"0":"post-36459","1":"post","2":"type-post","3":"status-publish","4":"format-gallery","5":"has-post-thumbnail","7":"category-bih","8":"category-featured","9":"category-vijesti","10":"category-vijesti-iz-bih","11":"post_format-post-format-gallery"},"acf":[],"_links":{"self":[{"href":"https:\/\/tvsensor.com\/api\/wp\/v2\/posts\/36459","targetHints":{"allow":["GET"]}}],"collection":[{"href":"https:\/\/tvsensor.com\/api\/wp\/v2\/posts"}],"about":[{"href":"https:\/\/tvsensor.com\/api\/wp\/v2\/types\/post"}],"author":[{"embeddable":true,"href":"https:\/\/tvsensor.com\/api\/wp\/v2\/users\/161"}],"replies":[{"embeddable":true,"href":"https:\/\/tvsensor.com\/api\/wp\/v2\/comments?post=36459"}],"version-history":[{"count":3,"href":"https:\/\/tvsensor.com\/api\/wp\/v2\/posts\/36459\/revisions"}],"predecessor-version":[{"id":36471,"href":"https:\/\/tvsensor.com\/api\/wp\/v2\/posts\/36459\/revisions\/36471"}],"wp:featuredmedia":[{"embeddable":true,"href":"https:\/\/tvsensor.com\/api\/wp\/v2\/media\/36462"}],"wp:attachment":[{"href":"https:\/\/tvsensor.com\/api\/wp\/v2\/media?parent=36459"}],"wp:term":[{"taxonomy":"category","embeddable":true,"href":"https:\/\/tvsensor.com\/api\/wp\/v2\/categories?post=36459"},{"taxonomy":"post_tag","embeddable":true,"href":"https:\/\/tvsensor.com\/api\/wp\/v2\/tags?post=36459"}],"curies":[{"name":"wp","href":"https:\/\/api.w.org\/{rel}","templated":true}]}}