{"id":36455,"date":"2024-04-16T12:42:13","date_gmt":"2024-04-16T11:42:13","guid":{"rendered":"https:\/\/tvsensor.com\/?p=36455"},"modified":"2024-04-16T12:42:13","modified_gmt":"2024-04-16T11:42:13","slug":"akademik-kurtcehajic-o-bosnjacima-i-bosancima","status":"publish","type":"post","link":"https:\/\/tvsensor.com\/clanak\/akademik-kurtcehajic-o-bosnjacima-i-bosancima\/","title":{"rendered":"Akademik Kurt\u0107ehaji\u0107 o Bo\u0161njacima i Bosancima"},"content":{"rendered":"<p>Nema nijedan popis do 2013 da su se ljudi iz Bosne izja\u0161njavali Bo\u0161njacima ni u Osmanskom vremenu ni u Austrougarskom ni u obje Jugoslavije. Popis Austrougara 1879 je imao rubrike Gr\u010dki pravoslavci, muslimani, katolici. Isto je bilo 1885, a 1910. godine\u00a0 je popis grcke pravoslavce preimenovao u srpske pravoslavce nakon odluke o tome 1905. godine. Nas su zvali Muhamedancima do 1901.\u00a0 godine\u00a0 kad je uva\u017een na\u0161 zahtjev da nas zovu muslimanima. Ugari su od po\u010detka XIV vijeka Povelje bosanskih banova prevodili sa Bosnyak ban. Ugarski naziv\u00a0 Bo\u0161njak nije se odnosio na narod ve\u0107 za stanovni\u0161tvo Bosne, jer mi se nismo formirali kao jedinstven narod ni u srednjem vijeku kad je kori\u0161ten od 1166. godine naziv\u00a0 Bo\u0161njanin koji je bio poznat samo vladarima i plemi\u0107ima ali ne obi\u010dnom puku preuzeli su preko dalmatinskih franjevaca bosanski franjevci i pro\u0161irili ga me\u0111u katolicima i zato imamo dokaze za katolike da su se identificirali sa imenom Bo\u0161njak \u0161to je njima zna\u010dilo isto \u0161to i Bosanac. Bosanski pravoslavci koje smo u Bosni uglavnom zvali pogrdno Vlasi iako su Vlasi \u010dinili samo jedan manji dio bosanskih pravoslavaca nisu se identificirali sa nazivom Bo\u0161njak kao ni bosanski muslimani iako je bilo poku\u0161aja i prije Kalaja u vrijeme Topal Osman pa\u0161e. Me\u0111u njima je prednja\u010dio moj pradjed i prvi bosanski novinar \u0160a\u0107ir Kurt\u0107ehaji\u0107 (1844-1872) koji je bio sa 26 godina najmla\u0111i gradona\u010delnik u historiji Sarajeva ( nikad mu nije stajalo bo\u0161nja\u010dki novinar do dana\u0161njih preimenovanja koje i bosanske banove i kraljeve su po\u010deli da zovu bo\u0161nja\u010dki) i koristio je u Sarajevskom cvjetniku 1871 naziv Bo\u0161njak ali je \u0161to mi je \u010dudno bilo zvao jezik bo\u0161nja\u010dki. On je sigurno reagovao na dolazak Bogoljuba (Teofila) Petranovi\u0107a i Bo\u017ei\u0107a Klementa u Bosnu 1862.godine\u00a0 sa zadatkom da srbiziraju\u00a0 bosanske pravoslavce i katolike ali je taj prvi poku\u0161aj da se teritorijalna odrednica Bo\u0161njak kako su nas drugi zvali van Bosne ( Ugari, Poljaci, Srbi Hrvati koji su bili u Ugarskoj, Albanci\u00a0 i bosanski franjevci) pretvori u integralno etni\u010dko ime za na\u0161 narod ali to je propalo jer su se bosanski muslimani vjerski identificirali i donekle kao Turci i Osmanlije dok su oni bili tu. Drugi najve\u0107i poku\u0161aj da dobijemo ime Bo\u0161njak je bio u vrijeme Kalaja koji je sa integralnim bosanstvom a rijetko stoji bo\u0161nja\u0161tvom krenuo od 1886-1903. godine nije uspio jer su pravoslavci ve\u0107 prihvatili srpski identitet u Bosni a taj proces je uzeo maha i kod katolika u Bosni koji su ko\u010dili franjevci koliko su mogli ali je politika koja je dolazila iz Zagreba bila ja\u010da a onda je 1900. godine\u00a0 nadbiskup bosanski \u0160tadler proglasio sve katolike u Bosni Hrvatima. Kalaj je pomogao finansijski list Bo\u0161njak 1891. godine na \u010delu sa Mehmedom Kapetanovi\u0107em Ljubu\u0161akom i stvorila se grupa oko njega i Safvet bega Ba\u0161agi\u0107a koja je trebala u\u010diniti promid\u017ebu imena Bo\u0161njak i u prvom broju Ba\u0161agi\u0107 objavljuje predivnu pjesmu Bo\u0161njak da podstakne prihvatanje tog neziva. Me\u0111utim na\u0161a ulema, inteligencija i politi\u010dki lideri nisu to prihvatali i na kraju su definitivno odbili Kalaja rekav\u0161i mu da ih ne zanima etni\u010dki i nacionalni identitet ve\u0107 samo kulturna i vjerska autonomija \u010dime je propao Kalajev poku\u0161aj da nas uvede u evropske tokove sa tim imenom. A sam Ba\u0161agi\u0107 je sebe odlaskom u Zagreb identificirao kao Hrvat islamske vjere. Izmi\u0161ljena je pri\u010da koju akademik Ferid\u00a0 Muhi\u0107 forsira da su nam 1906. godine Uredbom Austrougari ukinuli naziv Bo\u0161njak. 1907. godine\u00a0 nam je Uredbom Austrougarskih vlasti ukinut bosanski jezik ali to je bilo na inicijativu muslimanskih\u00a0 politickih predstavnika okupljenih u Muslimanskoj narodnoj organizaciji i jezik je preimenovan u srpskohrvatski uz uslov da im se zemlja ne dira ( u to vrijeme su bosanski muslimani bili vlasnici oko 90% zemlji\u0161ta u privatnoj svojini). I nakon te 1907 bila je sa\u010duvana odre\u0111ena autonomija bosanskoj jezika ali je to definitivno ukinuto 1913. godine na Bosanskom saboru opet na inicijativu muslimanskih poslanika koji su zauzvrat od hrvatskih poslanika\u00a0 a \u0161to su i srpski poslanici prihvatili da im se zemlja ne dira. Tako da je prava istina da mi od dolaska pod Osmanlije nismo iza\u0161li iz vjerskog identiteta a na kraju takva je bila priroda islama jer je prva muslimanska zemlja koja je stvorila naciju bila Turska koju je Ataturk proglasio republikom 1923. godine. Ostale islamske zemlje mislim da nisu imale nacionalnu kategoriju do zavr\u0161etka Drugog svjetskog rata. A prvi put mi izlazimo iz vjerske skupine kada su nam komunisti od strane CKSKBiH 1968. godine dali nacionalno ime Musliman\u00a0 sa velikim M pod ranijim vjerskim identitetom. 1993. godine\u00a0 a mogli smo to i pred popis 1991.\u00a0 godine\u00a0 prvi put smo\u00a0 slobodno odlu\u010divali o na\u0161em identitetu i umjesto da uzmemo naziv Bosanci koji je tako\u0111er bio kao i Bo\u0161njaci teritorijalna odrednica ali kojim su nas tada ve\u0107 drugi zvali\u00a0 a i mi smo sebe gdje god odemo tako\u0111er\u00a0 zvali Bosanci uzimamo poluarhai\u010dno ime Bo\u0161njak i to samo za bosanske muslimane. Pogledajte Slu\u017ebeni list RBiH od 06.aprila 1994. godine gdje jasno stoji\u00a0 da Muslimani mijenjaju svoje ime u Bo\u0161njaci u odgovaraju\u0107em pade\u017eu. Da smo tad uzeli naziv Bosanac koji je inkluzivan za sve bez obzira na religiju danas bi imali oko dvije tre\u0107ine Bosanaca u Bosni i blizu milion Bosanaca nemuslimana vi\u0161e u dijaspori koji imaju korijene u Bosni a Srbin i Hrvat bi bili strani termini koji se ve\u017eu za susjedne dr\u017eave. Jer kad imate Bosance ostali su stranci a ovako je Bosna i sva\u010dija i ni\u010dija kao po ZAVNOBiH-u \u0161to je moglo funkcionisati dok je bila Jugoslavija ali kad se raspala a susjedi su nam novostvorene dr\u017eave Srbija i Hrvatska onda imamo problem sa takvom konstrukcijom.<\/p>\n<p>Volio bih da se ovo razumije. Jasno je da se ne mo\u017ee napraviti inkubacija\u00a0 preko no\u0107i jer smo trideset godina ljude ubje\u0111ivali da su Bo\u0161njaci i da je za bosanstvo potrebno vrijeme sazrijevanja jer i ja sam sam prihvatio \u0161ematsku pri\u010du na bazi povjerenja prema nekim na\u0161im intelektualcima autoritetima i svi smo sli\u010dnu mantru pri\u010dali. Tek kad sam se ozbiljnije dotakao ovog problema vidio sam da je to mit i da nema upori\u0161te u istini i ne bih otvarao ovo pitanje da i danas nije Bosanac za sve u zemlji i inostranstvu mnogo bolje rje\u0161enje od postoje\u0107eg naziva Bo\u0161njak koje nas uz druga dva etnonacijsko religijska identiteta vodi u podjelu Bosne koju ne mo\u017eemo zaustaviti ako bi SAD i EU digle ruke od nas. Tada bi nam samo Bosanci svih konfesija bili stub o\u010duvanja Bosne.<\/p>\n<p>A vrijeme \u0107e biti najbolji sudija. Mada ne bih volio da budem kao \u0110ordano Bruno kojeg je katoli\u010dka crkva spalila zbog tvrdnje da je zemlja okrugla jer su smatrali da je plo\u010dasta da bi poslije priznala da je \u0110ordano Bruno bio u pravu. Ako Bosne bude bilo ideja bosanstva \u0107e prevladati a ako nam Bosna izmakne bit \u0107e svejedno kako se zovemo Bo\u0161njaci ili Bosanci jer\u00a0 \u0107emo biti evropski Palestinci sa sudbinom da mo\u017eda nestanemo sa ovih prostora,\u00a0 a sa na\u0161om dominantnom DNK I2 haplogrupom ( jedini je imamo preko 50%) na prostoru ex Jugoslavije\u00a0 starom 25 hiljada godina na tlu Evrope mi smo me\u0111u najstarijim evropljanima. Zato smo i dosad opstajali jer nam je korijenje u Evropi toliko duboko da ga je te\u0161ko i\u0161\u010dupati.<\/p>\n","protected":false},"excerpt":{"rendered":"<p>Nema nijedan popis do 2013 da su se ljudi iz Bosne izja\u0161njavali Bo\u0161njacima ni u Osmanskom vremenu ni u Austrougarskom ni u obje Jugoslavije. Popis Austrougara 1879 je imao rubrike Gr\u010dki pravoslavci, muslimani, katolici. Isto je bilo 1885, a 1910. godine\u00a0 je popis grcke pravoslavce preimenovao u srpske pravoslavce nakon odluke o tome 1905. godine. [&hellip;]<\/p>\n","protected":false},"author":161,"featured_media":34630,"comment_status":"open","ping_status":"open","sticky":false,"template":"","format":"standard","meta":{"inline_featured_image":false,"footnotes":""},"categories":[376,53,234,38,56],"tags":[],"class_list":{"0":"post-36455","1":"post","2":"type-post","3":"status-publish","4":"format-standard","5":"has-post-thumbnail","7":"category-featured","8":"category-magazin","9":"category-politika","10":"category-vijesti-iz-bih","11":"category-zanimljivosti"},"acf":[],"_links":{"self":[{"href":"https:\/\/tvsensor.com\/api\/wp\/v2\/posts\/36455","targetHints":{"allow":["GET"]}}],"collection":[{"href":"https:\/\/tvsensor.com\/api\/wp\/v2\/posts"}],"about":[{"href":"https:\/\/tvsensor.com\/api\/wp\/v2\/types\/post"}],"author":[{"embeddable":true,"href":"https:\/\/tvsensor.com\/api\/wp\/v2\/users\/161"}],"replies":[{"embeddable":true,"href":"https:\/\/tvsensor.com\/api\/wp\/v2\/comments?post=36455"}],"version-history":[{"count":1,"href":"https:\/\/tvsensor.com\/api\/wp\/v2\/posts\/36455\/revisions"}],"predecessor-version":[{"id":36456,"href":"https:\/\/tvsensor.com\/api\/wp\/v2\/posts\/36455\/revisions\/36456"}],"wp:featuredmedia":[{"embeddable":true,"href":"https:\/\/tvsensor.com\/api\/wp\/v2\/media\/34630"}],"wp:attachment":[{"href":"https:\/\/tvsensor.com\/api\/wp\/v2\/media?parent=36455"}],"wp:term":[{"taxonomy":"category","embeddable":true,"href":"https:\/\/tvsensor.com\/api\/wp\/v2\/categories?post=36455"},{"taxonomy":"post_tag","embeddable":true,"href":"https:\/\/tvsensor.com\/api\/wp\/v2\/tags?post=36455"}],"curies":[{"name":"wp","href":"https:\/\/api.w.org\/{rel}","templated":true}]}}