{"id":36336,"date":"2024-03-24T17:04:49","date_gmt":"2024-03-24T16:04:49","guid":{"rendered":"https:\/\/tvsensor.com\/?p=36336"},"modified":"2024-03-24T17:07:04","modified_gmt":"2024-03-24T16:07:04","slug":"gojer-za-hayat-ba-stecak","status":"publish","type":"post","link":"https:\/\/tvsensor.com\/clanak\/gojer-za-hayat-ba-stecak\/","title":{"rendered":"GOJER ZA HAYAT.BA: STE\u0106AK"},"content":{"rendered":"\n<p><strong>STE\u0106AK<\/strong><\/p>\n\n\n\n<p><a href=\"https:\/\/fitnessanny.com\/\"><\/a>Postojan ko stoljetni mramor<\/p>\n\n\n\n<p>Avduka se Sidran utemeljio<\/p>\n\n\n\n<p>Literaturom bosanskom, sa<\/p>\n\n\n\n<p>Bratom mu Ned\u017eadom<\/p>\n\n\n\n<p>Putove Bosni otvarao.<\/p>\n\n\n\n<p>Postojan ko stoljetni mramor<\/p>\n\n\n\n<p>Pjesnik i mudrac svijetom<\/p>\n\n\n\n<p>Hodio i hairima davno<\/p>\n\n\n\n<p>D\u017eenet zaslu\u017eio, pa o\u010di<\/p>\n\n\n\n<p>Sklopiv\u0161i tugu nam ostavio.<\/p>\n\n\n\n<p>Zvjezdarij nad Bosnom ukrasio<\/p>\n\n\n\n<p>Sad verse svoje bra\u0107i nebeskoj<\/p>\n\n\n\n<p>Ispisuje i, jednako, u nezaborav<\/p>\n\n\n\n<p>tiho odlaze\u0107i, pravdoljubljem i<\/p>\n\n\n\n<p>Bosnoljubljem obasjan ode\u2026<\/p>\n\n\n\n<p><em> <\/em><br><em>zapisano na dan preseljenja<\/em> <em>akademika Abdulaha Sidrana<\/em><\/p>\n","protected":false},"excerpt":{"rendered":"<p>STE\u0106AK Postojan ko stoljetni mramor Avduka se Sidran utemeljio Literaturom bosanskom, sa Bratom mu Ned\u017eadom Putove Bosni otvarao. Postojan ko stoljetni mramor Pjesnik i mudrac svijetom Hodio i hairima davno D\u017eenet zaslu\u017eio, pa o\u010di Sklopiv\u0161i tugu nam ostavio. Zvjezdarij nad Bosnom ukrasio Sad verse svoje bra\u0107i nebeskoj Ispisuje i, jednako, u nezaborav tiho odlaze\u0107i, pravdoljubljem [&hellip;]<\/p>\n","protected":false},"author":59,"featured_media":35978,"comment_status":"open","ping_status":"open","sticky":false,"template":"","format":"standard","meta":{"inline_featured_image":false,"footnotes":""},"categories":[376,46,53],"tags":[],"class_list":{"0":"post-36336","1":"post","2":"type-post","3":"status-publish","4":"format-standard","5":"has-post-thumbnail","7":"category-featured","8":"category-kultura","9":"category-magazin"},"acf":[],"_links":{"self":[{"href":"https:\/\/tvsensor.com\/api\/wp\/v2\/posts\/36336","targetHints":{"allow":["GET"]}}],"collection":[{"href":"https:\/\/tvsensor.com\/api\/wp\/v2\/posts"}],"about":[{"href":"https:\/\/tvsensor.com\/api\/wp\/v2\/types\/post"}],"author":[{"embeddable":true,"href":"https:\/\/tvsensor.com\/api\/wp\/v2\/users\/59"}],"replies":[{"embeddable":true,"href":"https:\/\/tvsensor.com\/api\/wp\/v2\/comments?post=36336"}],"version-history":[{"count":2,"href":"https:\/\/tvsensor.com\/api\/wp\/v2\/posts\/36336\/revisions"}],"predecessor-version":[{"id":36339,"href":"https:\/\/tvsensor.com\/api\/wp\/v2\/posts\/36336\/revisions\/36339"}],"wp:featuredmedia":[{"embeddable":true,"href":"https:\/\/tvsensor.com\/api\/wp\/v2\/media\/35978"}],"wp:attachment":[{"href":"https:\/\/tvsensor.com\/api\/wp\/v2\/media?parent=36336"}],"wp:term":[{"taxonomy":"category","embeddable":true,"href":"https:\/\/tvsensor.com\/api\/wp\/v2\/categories?post=36336"},{"taxonomy":"post_tag","embeddable":true,"href":"https:\/\/tvsensor.com\/api\/wp\/v2\/tags?post=36336"}],"curies":[{"name":"wp","href":"https:\/\/api.w.org\/{rel}","templated":true}]}}