{"id":36321,"date":"2024-03-22T00:16:13","date_gmt":"2024-03-21T23:16:13","guid":{"rendered":"https:\/\/tvsensor.com\/?p=36321"},"modified":"2024-03-22T00:16:16","modified_gmt":"2024-03-21T23:16:16","slug":"dvadeset-i-sedam-drzava-daje-zeleno-svjetlo-za-pregovore-o-pristupu-eu-s-bosnom","status":"publish","type":"post","link":"https:\/\/tvsensor.com\/clanak\/dvadeset-i-sedam-drzava-daje-zeleno-svjetlo-za-pregovore-o-pristupu-eu-s-bosnom\/","title":{"rendered":"Dvadeset i sedam dr\u017eava daje zeleno svjetlo za pregovore o pristupu EU s Bosnom"},"content":{"rendered":"\n<p>\u0160efovi dr\u017eava i vlada zemalja EU su u danas dali zeleno svjetlo za po\u010detak pregovora o pristupanju Bosne i Hercegovine, koji \u0107e zapo\u010deti tek kada Balkanska zemlja provede niz reformi. &#8220;\u010cestitamo! Va\u0161e mjesto je u na\u0161oj europskoj obitelji. Dana\u0161nja odluka je va\u017ean korak na va\u0161em putu prema EU. Sada mora nastaviti te\u0161ki posao&#8221;, izjavio je predsjednik Europskog vije\u0107a Charles Michel u X-Mre\u017ei.<\/p>\n\n\n\n<p>Ova odluka Dvadesetsedmorice, donesena na vrhunskom sastanku u Bruxellesu (Briselu), najnovija je u pokretu prema pro\u0161irenju EU, koji je dobio na snazi od ruske invazije na Ukrajinu u februaru 2022. &#8220;Na temelju preporuke Komisije od 12. marta 2024., Europsko vije\u0107e odlu\u010duje zapo\u010deti pregovore o pristupu s Bosnom i Hercegovinom&#8221;, navodi se u zajedni\u010dkoj izjavi prihva\u0107enoj od strane \u0161efova dr\u017eava i vlada.<\/p>\n\n\n\n<p>Komisija priprema okvir za pregovore u cilju njegovog usvajanja od strane Vije\u0107a (EU) \u010dim sve odgovaraju\u0107e mjere budu poduzete sukladno preporuci Komisije od 12. oktobra 2022. Razgovori mogu zapo\u010deti tek nakon \u0161to sve vlade \u010dlanica prihvate taj okvir pregovora.<\/p>\n","protected":false},"excerpt":{"rendered":"<p>\u0160efovi dr\u017eava i vlada zemalja EU su u danas dali zeleno svjetlo za po\u010detak pregovora o pristupanju Bosne i Hercegovine, koji \u0107e zapo\u010deti tek kada Balkanska zemlja provede niz reformi. &#8220;\u010cestitamo! Va\u0161e mjesto je u na\u0161oj europskoj obitelji. Dana\u0161nja odluka je va\u017ean korak na va\u0161em putu prema EU. Sada mora nastaviti te\u0161ki posao&#8221;, izjavio je [&hellip;]<\/p>\n","protected":false},"author":59,"featured_media":36322,"comment_status":"open","ping_status":"open","sticky":false,"template":"","format":"standard","meta":{"inline_featured_image":false,"footnotes":""},"categories":[376,41,37,38],"tags":[],"class_list":{"0":"post-36321","1":"post","2":"type-post","3":"status-publish","4":"format-standard","5":"has-post-thumbnail","7":"category-featured","8":"category-svijet","9":"category-vijesti","10":"category-vijesti-iz-bih"},"acf":[],"_links":{"self":[{"href":"https:\/\/tvsensor.com\/api\/wp\/v2\/posts\/36321","targetHints":{"allow":["GET"]}}],"collection":[{"href":"https:\/\/tvsensor.com\/api\/wp\/v2\/posts"}],"about":[{"href":"https:\/\/tvsensor.com\/api\/wp\/v2\/types\/post"}],"author":[{"embeddable":true,"href":"https:\/\/tvsensor.com\/api\/wp\/v2\/users\/59"}],"replies":[{"embeddable":true,"href":"https:\/\/tvsensor.com\/api\/wp\/v2\/comments?post=36321"}],"version-history":[{"count":2,"href":"https:\/\/tvsensor.com\/api\/wp\/v2\/posts\/36321\/revisions"}],"predecessor-version":[{"id":36324,"href":"https:\/\/tvsensor.com\/api\/wp\/v2\/posts\/36321\/revisions\/36324"}],"wp:featuredmedia":[{"embeddable":true,"href":"https:\/\/tvsensor.com\/api\/wp\/v2\/media\/36322"}],"wp:attachment":[{"href":"https:\/\/tvsensor.com\/api\/wp\/v2\/media?parent=36321"}],"wp:term":[{"taxonomy":"category","embeddable":true,"href":"https:\/\/tvsensor.com\/api\/wp\/v2\/categories?post=36321"},{"taxonomy":"post_tag","embeddable":true,"href":"https:\/\/tvsensor.com\/api\/wp\/v2\/tags?post=36321"}],"curies":[{"name":"wp","href":"https:\/\/api.w.org\/{rel}","templated":true}]}}