{"id":36314,"date":"2024-03-19T21:32:02","date_gmt":"2024-03-19T20:32:02","guid":{"rendered":"https:\/\/tvsensor.com\/?p=36314"},"modified":"2024-03-19T21:32:04","modified_gmt":"2024-03-19T20:32:04","slug":"osobe-iz-gaze-i-ministar-konakovic","status":"publish","type":"post","link":"https:\/\/tvsensor.com\/clanak\/osobe-iz-gaze-i-ministar-konakovic\/","title":{"rendered":"BiH: \u010cetiri osobe iz Gaze stigle u Sarajevo"},"content":{"rendered":"\n<p>\u010cetiri osobe iz Gaze stigle su ve\u010deras u Sarajevo letom iz Istanbula, nakon \u0161to je Vije\u0107e ministara Bosne i Hercegovine odobrilo njihov ulazak.<\/p>\n\n\n\n<p>Me\u0111u njima je i bosansko-palestinski doktor Muhamed El Ran koji je bio u izraelskom zarobljeni\u0161tvu.<\/p>\n\n\n\n<p>Njih su na aerodromu do\u010dekali ministar vanjskih poslova BiH Elmedin Konakovi\u0107, minist\u0430r za ljudska prava i izbjeglice Sevlid Hurti\u0107, ambasador Palestine u BiH Rezeq Namoora i \u010dlanovi njihove porodice koji \u017eive u BiH.<\/p>\n\n\n\n<p>&#8220;Krizni \u0161tab MVP BiH nije prestao sa radom niti jednog trenutka od svog osnivanja. Ve\u010deras smo sretni jer smo na aerodromu u Sarajevu do\u010dekali jo\u0161 \u010detvoro na\u0161ih dr\u017eavljana i srodnika koji su uspjeli iza\u0107i iz Gaze. Evakuacija je slo\u017een i osjetljiv posao u koji je uklju\u010deno mnogo strana. Svaka strana u ovom procesu davala je i daje nesebi\u010dno svoj maksimum&#8221;, saop\u0161tilo je Ministarstvo vanjskih poslova BiH na platformi X.<\/p>\n\n\n\n<p>Dr\u017eavni ministri su danas odr\u017eali sjednicu Vije\u0107a ministara BiH na kojoj je, izme\u0111u ostalog, odobren ulazak za tri osobe iz Palestine, koje su srodnici bh. dr\u017eavljana.<\/p>\n\n\n\n<p>Rije\u010d je o majci i dvoje djece, koji su do\u0161li zajedno sa doktorom iz BiH Muhamedom El Ranom.<\/p>\n\n\n\n<p><\/p>\n\n\n\n<p>Izvor: Anadolu Agency<\/p>\n","protected":false},"excerpt":{"rendered":"<p>\u010cetiri osobe iz Gaze stigle su ve\u010deras u Sarajevo letom iz Istanbula, nakon \u0161to je Vije\u0107e ministara Bosne i Hercegovine odobrilo njihov ulazak. Me\u0111u njima je i bosansko-palestinski doktor Muhamed El Ran koji je bio u izraelskom zarobljeni\u0161tvu. Njih su na aerodromu do\u010dekali ministar vanjskih poslova BiH Elmedin Konakovi\u0107, minist\u0430r za ljudska prava i izbjeglice [&hellip;]<\/p>\n","protected":false},"author":59,"featured_media":36315,"comment_status":"open","ping_status":"open","sticky":false,"template":"","format":"standard","meta":{"inline_featured_image":false,"footnotes":""},"categories":[376,37,38],"tags":[],"class_list":{"0":"post-36314","1":"post","2":"type-post","3":"status-publish","4":"format-standard","5":"has-post-thumbnail","7":"category-featured","8":"category-vijesti","9":"category-vijesti-iz-bih"},"acf":[],"_links":{"self":[{"href":"https:\/\/tvsensor.com\/api\/wp\/v2\/posts\/36314","targetHints":{"allow":["GET"]}}],"collection":[{"href":"https:\/\/tvsensor.com\/api\/wp\/v2\/posts"}],"about":[{"href":"https:\/\/tvsensor.com\/api\/wp\/v2\/types\/post"}],"author":[{"embeddable":true,"href":"https:\/\/tvsensor.com\/api\/wp\/v2\/users\/59"}],"replies":[{"embeddable":true,"href":"https:\/\/tvsensor.com\/api\/wp\/v2\/comments?post=36314"}],"version-history":[{"count":2,"href":"https:\/\/tvsensor.com\/api\/wp\/v2\/posts\/36314\/revisions"}],"predecessor-version":[{"id":36317,"href":"https:\/\/tvsensor.com\/api\/wp\/v2\/posts\/36314\/revisions\/36317"}],"wp:featuredmedia":[{"embeddable":true,"href":"https:\/\/tvsensor.com\/api\/wp\/v2\/media\/36315"}],"wp:attachment":[{"href":"https:\/\/tvsensor.com\/api\/wp\/v2\/media?parent=36314"}],"wp:term":[{"taxonomy":"category","embeddable":true,"href":"https:\/\/tvsensor.com\/api\/wp\/v2\/categories?post=36314"},{"taxonomy":"post_tag","embeddable":true,"href":"https:\/\/tvsensor.com\/api\/wp\/v2\/tags?post=36314"}],"curies":[{"name":"wp","href":"https:\/\/api.w.org\/{rel}","templated":true}]}}