{"id":36037,"date":"2024-02-08T00:14:13","date_gmt":"2024-02-07T23:14:13","guid":{"rendered":"https:\/\/tvsensor.com\/?p=36037"},"modified":"2024-02-08T00:14:15","modified_gmt":"2024-02-07T23:14:15","slug":"gojer-za-tvsensor-com-metastaza-usred-makete-raja","status":"publish","type":"post","link":"https:\/\/tvsensor.com\/clanak\/gojer-za-tvsensor-com-metastaza-usred-makete-raja\/","title":{"rendered":"GOJER ZA TVSENSOR.COM: METASTAZA USRED MAKETE RAJA"},"content":{"rendered":"\n<p>Za tvsensor.com <strong style=\"font-style: italic;\">pi\u0161e: akademik Gradimir Gojer<\/strong><br><br>Stolje\u0107ima su ljudi razli\u010ditih generacija, vjerskih svjetonazora i nacionalnih opredjeljenosti \u017eivjeli pod zvjezdarijem mostarskoga neba\u2026 I nisu se nikada sukobili, dok sljednici usta\u0161ke ideologije nisu napali na Mostar, po\u010deli otimati ono \u0161to je stolje\u0107ima bila imovina i ponos gra\u0111ana Mostara.<\/p>\n\n\n\n<p>Onda kad smo se ponadali da \u0107e nakon barbarstva i urbicida po\u010dinjenog ru\u0161enjem Starog mosta i njegove uspje\u0161ne obnove fa\u0161isti prekinuti sa neljudskim rabotama za koje ih je osudila svekolika civilizacijska svijest ponavlja se zlo\u010din\u2026 Dapa\u010de, pojavljuje se nova metastaza fa\u017eizma usred Mostara.<\/p>\n\n\n\n<figure class=\"wp-block-image size-full\"><img loading=\"lazy\" decoding=\"async\" width=\"800\" height=\"622\" src=\"https:\/\/tvsensor.com\/wp-content\/uploads\/2024\/02\/d84ef42602dd976d0b0d39030cc35d98.jpg\" alt=\"\" class=\"wp-image-36038\" srcset=\"https:\/\/tvsensor.com\/wp-content\/uploads\/2024\/02\/d84ef42602dd976d0b0d39030cc35d98.jpg 800w, https:\/\/tvsensor.com\/wp-content\/uploads\/2024\/02\/d84ef42602dd976d0b0d39030cc35d98-150x117.jpg 150w, https:\/\/tvsensor.com\/wp-content\/uploads\/2024\/02\/d84ef42602dd976d0b0d39030cc35d98-768x597.jpg 768w, https:\/\/tvsensor.com\/wp-content\/uploads\/2024\/02\/d84ef42602dd976d0b0d39030cc35d98-300x233.jpg 300w, https:\/\/tvsensor.com\/wp-content\/uploads\/2024\/02\/d84ef42602dd976d0b0d39030cc35d98-696x541.jpg 696w\" sizes=\"auto, (max-width: 800px) 100vw, 800px\" \/><\/figure>\n\n\n\n<p>Ono \u0161to fa\u0161isti nisu uspjeli napraviti topni\u0161tvom danas, pak, poku\u0161avaju slikarskim do bola podlim a naivnim uratkom\u2026 Umjesto stoljetnih bogomolja pored Starog mosta slikaju neke kule koje ni po \u010demu ne pripadaju u prizori\u0161ta oko Starog mosta. Nova je to rak rana u maketi raja imenom Mostar, novi je to barbarsko fa\u0161isti\u010dki zlo\u010din koji metastazira\u2026<\/p>\n\n\n\n<p>Opravdanja poput onih da se na plakatu za manifestaciju Filozofskog fakulteta Sveu\u010dili\u0161ta Mostar radi o \u201cumjetni\u010dkoj slobodi\u201d ne mogu, ni u kom slu\u010daju pro\u0107i\u2026<\/p>\n\n\n\n<p>Ne, treba ve\u0107 govoriti otvoreno: usta\u0161e ponovo atakiraju na stoljetni zajedni\u010dki (ne jednih pored drugih!) \u017eivot Mostarki i Mostaraca.<\/p>\n\n\n\n<p>Ovo nije nikakva umjetnina, ovo je fa\u0161isti\u010dka metastaza u gradu gdje se i dalje na razne na\u010dine veli\u010daju i slave usta\u0161ki zlo\u010dinci i njihove kame i jame!<\/p>\n\n\n\n<p>Ovim prostorima u hrvatskoj kulturi, na\u017ealost, itekako nedostaju Ivan Goran Kova\u010di\u0107 i Miroslav Krle\u017ea\u2026 I Mostarac svjetske reputacije Predrag Braco Matvejevi\u0107 da hrvatskim klerofa\u0161istima ka\u017eu da im je mjesto na smetlji\u0161tu povijesti!<\/p>\n\n\n\n<p>Kao katolik i Hrvat stidim se ovog \u201credizajniranja\u201d ionako nam stravi\u010dne stvarniosti.<\/p>\n","protected":false},"excerpt":{"rendered":"<p>Za tvsensor.com pi\u0161e: akademik Gradimir Gojer Stolje\u0107ima su ljudi razli\u010ditih generacija, vjerskih svjetonazora i nacionalnih opredjeljenosti \u017eivjeli pod zvjezdarijem mostarskoga neba\u2026 I nisu se nikada sukobili, dok sljednici usta\u0161ke ideologije nisu napali na Mostar, po\u010deli otimati ono \u0161to je stolje\u0107ima bila imovina i ponos gra\u0111ana Mostara. Onda kad smo se ponadali da \u0107e nakon barbarstva [&hellip;]<\/p>\n","protected":false},"author":59,"featured_media":35978,"comment_status":"open","ping_status":"open","sticky":false,"template":"","format":"standard","meta":{"inline_featured_image":false,"footnotes":""},"categories":[46,53,37,38],"tags":[],"class_list":{"0":"post-36037","1":"post","2":"type-post","3":"status-publish","4":"format-standard","5":"has-post-thumbnail","7":"category-kultura","8":"category-magazin","9":"category-vijesti","10":"category-vijesti-iz-bih"},"acf":[],"_links":{"self":[{"href":"https:\/\/tvsensor.com\/api\/wp\/v2\/posts\/36037","targetHints":{"allow":["GET"]}}],"collection":[{"href":"https:\/\/tvsensor.com\/api\/wp\/v2\/posts"}],"about":[{"href":"https:\/\/tvsensor.com\/api\/wp\/v2\/types\/post"}],"author":[{"embeddable":true,"href":"https:\/\/tvsensor.com\/api\/wp\/v2\/users\/59"}],"replies":[{"embeddable":true,"href":"https:\/\/tvsensor.com\/api\/wp\/v2\/comments?post=36037"}],"version-history":[{"count":2,"href":"https:\/\/tvsensor.com\/api\/wp\/v2\/posts\/36037\/revisions"}],"predecessor-version":[{"id":36040,"href":"https:\/\/tvsensor.com\/api\/wp\/v2\/posts\/36037\/revisions\/36040"}],"wp:featuredmedia":[{"embeddable":true,"href":"https:\/\/tvsensor.com\/api\/wp\/v2\/media\/35978"}],"wp:attachment":[{"href":"https:\/\/tvsensor.com\/api\/wp\/v2\/media?parent=36037"}],"wp:term":[{"taxonomy":"category","embeddable":true,"href":"https:\/\/tvsensor.com\/api\/wp\/v2\/categories?post=36037"},{"taxonomy":"post_tag","embeddable":true,"href":"https:\/\/tvsensor.com\/api\/wp\/v2\/tags?post=36037"}],"curies":[{"name":"wp","href":"https:\/\/api.w.org\/{rel}","templated":true}]}}